{"id":16397,"date":"2011-05-29T16:21:09","date_gmt":"2011-05-29T19:21:09","guid":{"rendered":"http:\/\/www.r2cpress.com.br\/v1\/?p=16397"},"modified":"2011-05-29T16:21:09","modified_gmt":"2011-05-29T19:21:09","slug":"como-acreditar","status":"publish","type":"post","link":"https:\/\/www.r2cpress.com.br\/v1\/2011\/05\/29\/como-acreditar\/","title":{"rendered":"Como ACREDITAR?"},"content":{"rendered":"<p><img align = \"left\" src = \"http:\/\/www.r2cpress.com.br\/v1\/wp-content\/uploads\/ze-carlos-junior-para-novo-site.jpg\"\/>Agora veja a mat\u00e9ria completa da assessoria de imprensa da prefeitura de Ilh\u00e9us, em <b>28\/02\/2011,<\/b> sobre a reforma da Pra\u00e7a S\u00e3o Jo\u00e3o Batista, no Pontal.<\/p>\n<p><em>\u201cPra\u00e7a S\u00e3o Jo\u00e3o, no Pontal, <b>passa por reforma completa.<\/b><\/p>\n<p>Atendendo a reivindica\u00e7\u00e3o dos moradores, a Pra\u00e7a S\u00e3o Jo\u00e3o, localizada no bairro do Pontal, est\u00e1 recebendo uma s\u00e9rie de melhoramentos em toda a sua estrutura. A pra\u00e7a \u00e9 um dos lugares p\u00fablicos mais frequentados pela popula\u00e7\u00e3o e turistas, haja vista a infra-estrutura comercial e de lazer existente no local.<\/p>\n<p><b>A reforma contempla a recupera\u00e7\u00e3o da quadra poliesportiva com recupera\u00e7\u00e3o do piso e alambrado; melhorias nas redes el\u00e9trica e hidr\u00e1ulica; pintura e demarca\u00e7\u00e3o nas muretas na quadra, recomposi\u00e7\u00e3o das pedras portuguesas em todas as \u201cruas\u201d; recupera\u00e7\u00e3o dos canteiros com nova concep\u00e7\u00e3o de paisagismo.<\/b><\/p>\n<p>Recentemente, <b>o prefeito Newton Lima<\/b> visitou as obras da pra\u00e7a S\u00e3o Jo\u00e3o e ressaltou a necessidade de se manter e ampliar ainda mais locais p\u00fablicos como esse, por se tornar um ponto de encontro agrad\u00e1vel para os moradores dessas \u00e1reas. \u201cEstamos promovendo a reforma em diversas pra\u00e7as de Ilh\u00e9us, bem como criando outras \u00e1reas de lazer, para que a popula\u00e7\u00e3o ganhe mais qualidade de vida\u201d, explicou.<\/p>\n<p><b>Al\u00e9m da reforma dos equipamentos existentes na pra\u00e7a S\u00e3o Jo\u00e3o, o prefeito Newton Lima disse que o local receber\u00e1 um parque infantil e um local espec\u00edfico para a pr\u00e1tica de exerc\u00edcios f\u00edsicos, com equipamentos de gin\u00e1stica, que ser\u00e1 utilizado tamb\u00e9m pela terceira idade. Na reforma da pra\u00e7a S\u00e3o Jo\u00e3o tamb\u00e9m s\u00e3o observados os crit\u00e9rios de acessibilidade para pessoas portadoras de necessidades especiais.<\/b><\/p>\n<p>Assim que a obra for conclu\u00edda, a proposta dos moradores e comerciantes circunvizinhos, \u00e9 que a pra\u00e7a seja adotada por empresas, que passar\u00e3o a arcar com os custos de manuten\u00e7\u00e3o. <b>Segundo o comerciante Bar\u00e3o, atualmente ele ajuda na conserva\u00e7\u00e3o da pra\u00e7a, mas pretende ampliar sua participa\u00e7\u00e3o. \u201cJ\u00e1 nos prontificamos a adotar a pra\u00e7a e agora s\u00f3 dependemos da quest\u00e3o legal, que o prefeito j\u00e1 est\u00e1 verificando\u201d, frisou Bar\u00e3o\u201d.<\/b><\/em> (Os destaques s\u00e3o meus).<\/p>\n<p><!--more--><\/p>\n<p>Como podemos ler e tirar nossas d\u00favidas, esta mat\u00e9ria foi feita pela assessoria de imprensa da Prefeitura Municipal de Ilh\u00e9us.<\/p>\n<p>O prefeito que tem uma assessoria de imprensa desse porte n\u00e3o precisa de oposi\u00e7\u00e3o, ela se encarrega com suas falsas not\u00edcias, desgastar a imagem j\u00e1 capenga do nosso gestor.<\/p>\n<p>Sinceramente n\u00e3o sei o que se passa na cabe\u00e7a do nosso gestor p\u00fablico.<br \/>\nSer\u00e1 que ele tem conhecimento das in\u00fameras \u201cnot\u00edcias\u201d espalhadas pela sua assessoria de imprensa? Ser\u00e1 que ele anda pelas ruas e reconhece as<b> \u201cobras\u201d <\/b> que est\u00e3o sendo feitas? Ser\u00e1 que ele sabe onde est\u00e3o situados os piores pontos de lixo da cidade? Ser\u00e1 que ele deixou de fazer caminhadas na Avenida Soares Lopes? Ser\u00e1 que ele j\u00e1 andou pelos bairros Nossa Senhora das Vit\u00f3rias, Teot\u00f4nio Vilela, Vila Nazar\u00e9 e adjac\u00eancias? E o seu relacionamento com o grupo que constitui o seu secretariado? Ser\u00e1 que existe uma unidade no primeiro escal\u00e3o? Como \u00e9 feito o planejamento de a\u00e7\u00f5es para o dia a dia da cidade, dos planos a m\u00e9dio e longo prazos? Ser\u00e1&#8230; ser\u00e1&#8230; ser\u00e1&#8230;<\/p>\n<p><b>Vamos ao assunto da pauta de hoje,<\/b> que \u00e9 a tal reforma divulgada pelos jornalistas da prefeitura acerca da Pra\u00e7a S\u00e3o Jo\u00e3o Batista, no Pontal.<\/p>\n<p>Absolutamente nada do que foi divulgado foi feito, a pra\u00e7a continua feia, suja, quadra de esportes destru\u00edda, esgotos entupidos, apenasmente foram recolocadas algumas pedras nos passeios e ro\u00e7agem da grama.<br \/>\nCom rela\u00e7\u00e3o \u00e0 quadra de esportes, lembro que o bairro do Pontal n\u00e3o foi contemplado no cronograma de reformas de quadras esportivas da cidade, segundo anunciado pela prefeitura.<\/p>\n<p>Sinceramente acho um absurdo o tratamento dado pelo poder municipal ao bairro do Pontal, de tantas tradi\u00e7\u00f5es, de tanta beleza, mais que \u00e9 tratado da maneira mais cruel poss\u00edvel.<\/p>\n<p>H\u00e1 dois anos que um grupo de associados remidos do Clube Social do Pontal ofereceu \u00e0 Prefeitura a \u00e1rea do clube para que fosse constru\u00eddo um posto de sa\u00fade e instala\u00e7\u00f5es para salas de aula, at\u00e9 a presente data nenhuma resposta foi dada aos pontalenses.<\/p>\n<p>A insensibilidade dos homens p\u00fablicos para as coisas p\u00fablicas chega a nos causar medo, pavor, apreens\u00e3o.<\/p>\n<p>O que podemos fazer? <\/p>\n<p><center><div id=\"attachment_16399\" style=\"width: 310px\" class=\"wp-caption aligncenter\"><a href=\"http:\/\/www.r2cpress.com.br\/v1\/wp-content\/uploads\/mont-capa-site49.jpg\"><img aria-describedby=\"caption-attachment-16399\" loading=\"lazy\" src=\"http:\/\/www.r2cpress.com.br\/v1\/wp-content\/uploads\/mont-capa-site49-300x279.jpg\" alt=\"\" title=\"mont capa site\" width=\"300\" height=\"279\" class=\"size-medium wp-image-16399\" srcset=\"https:\/\/www.r2cpress.com.br\/v1\/wp-content\/uploads\/mont-capa-site49-300x279.jpg 300w, https:\/\/www.r2cpress.com.br\/v1\/wp-content\/uploads\/mont-capa-site49.jpg 680w\" sizes=\"(max-width: 300px) 100vw, 300px\" \/><\/a><p id=\"caption-attachment-16399\" class=\"wp-caption-text\">Clique para AMPLIAR.<\/p><\/div><\/p>\n<p><b>QUEM QUISER COMPROVAR O QUE AQUI NARREI, BASTA DAR UM PULINHO NO PONTAL E VERIFICAR IN LOCO<\/b><\/center><\/p>\n<p>&#8212;<br \/>\n<b>Z\u00c9CARLOS JUNIOR<\/b><\/p>\n","protected":false},"excerpt":{"rendered":"<p>Agora veja a mat\u00e9ria completa da assessoria de imprensa da prefeitura de Ilh\u00e9us, em 28\/02\/2011, sobre a reforma da Pra\u00e7a S\u00e3o Jo\u00e3o Batista, no Pontal. \u201cPra\u00e7a S\u00e3o Jo\u00e3o, no Pontal, passa por reforma completa. Atendendo a reivindica\u00e7\u00e3o dos moradores, a Pra\u00e7a S\u00e3o Jo\u00e3o, localizada no bairro do Pontal, est\u00e1 recebendo uma s\u00e9rie de melhoramentos em [&hellip;]<\/p>\n","protected":false},"author":2,"featured_media":0,"comment_status":"open","ping_status":"open","sticky":false,"template":"","format":"standard","meta":{"_links_to":"","_links_to_target":""},"categories":[10],"tags":[],"_links":{"self":[{"href":"https:\/\/www.r2cpress.com.br\/v1\/wp-json\/wp\/v2\/posts\/16397"}],"collection":[{"href":"https:\/\/www.r2cpress.com.br\/v1\/wp-json\/wp\/v2\/posts"}],"about":[{"href":"https:\/\/www.r2cpress.com.br\/v1\/wp-json\/wp\/v2\/types\/post"}],"author":[{"embeddable":true,"href":"https:\/\/www.r2cpress.com.br\/v1\/wp-json\/wp\/v2\/users\/2"}],"replies":[{"embeddable":true,"href":"https:\/\/www.r2cpress.com.br\/v1\/wp-json\/wp\/v2\/comments?post=16397"}],"version-history":[{"count":6,"href":"https:\/\/www.r2cpress.com.br\/v1\/wp-json\/wp\/v2\/posts\/16397\/revisions"}],"predecessor-version":[{"id":16404,"href":"https:\/\/www.r2cpress.com.br\/v1\/wp-json\/wp\/v2\/posts\/16397\/revisions\/16404"}],"wp:attachment":[{"href":"https:\/\/www.r2cpress.com.br\/v1\/wp-json\/wp\/v2\/media?parent=16397"}],"wp:term":[{"taxonomy":"category","embeddable":true,"href":"https:\/\/www.r2cpress.com.br\/v1\/wp-json\/wp\/v2\/categories?post=16397"},{"taxonomy":"post_tag","embeddable":true,"href":"https:\/\/www.r2cpress.com.br\/v1\/wp-json\/wp\/v2\/tags?post=16397"}],"curies":[{"name":"wp","href":"https:\/\/api.w.org\/{rel}","templated":true}]}}