{"id":16408,"date":"2011-05-29T16:54:12","date_gmt":"2011-05-29T19:54:12","guid":{"rendered":"http:\/\/www.r2cpress.com.br\/v1\/?p=16408"},"modified":"2011-05-29T16:58:46","modified_gmt":"2011-05-29T19:58:46","slug":"quem-seriam-os-inimigos-ocultos-de-ilheus","status":"publish","type":"post","link":"https:\/\/www.r2cpress.com.br\/v1\/2011\/05\/29\/quem-seriam-os-inimigos-ocultos-de-ilheus\/","title":{"rendered":"QUEM SERIAM OS INIMIGOS OCULTOS DE ILH\u00c9US?"},"content":{"rendered":"<p><img loading=\"lazy\" class=\"alignleft\" src=\"http:\/\/www.r2cpress.com.br\/v1\/wp-content\/uploads\/Paulo-de-oliveira.jpg\" alt=\"\" width=\"300\" height=\"93\" \/>Na minha \u00f3tica de cidad\u00e3o, para Ilh\u00e9us, o governo de Wagner, os vereadores em exerc\u00edcio, a maioria do secretariado montado e desmontado pelo compromisso de campanha, entre outros apoios e coliga\u00e7\u00f5es de Newton, foram (est\u00e3o sendo) a maior decep\u00e7\u00e3o p\u00f3s-elei\u00e7\u00e3o.Sabemos que o Governador Wagner foi bem votado aqui gra\u00e7as \u00e0 popularidade de Lula, esper\u00e1vamos mais desse governo e do gestor municipal, al\u00e9m das promessas de campanha. As boas novas da alian\u00e7a do Pal\u00e1cio de Ondina com o Pal\u00e1cio Paranagu\u00e1foram evidentes, cargos importantes foram ocupadospor coligados do munic\u00edpio e as realiza\u00e7\u00f5esat\u00e9 hoje s\u00e3o repletas de evasivas monitoradas por \u201cenrol\u00f4metro\u201d, assim, tal qual papo para fazer boi dormir, essas s\u00e3o as promessas e as a\u00e7\u00f5es do estado e aliados para tirar Ilh\u00e9us da estagna\u00e7\u00e3o em que se encontra.<\/p>\n<p>Ligando um pre\u00e2mbulo, s\u00f3 para termos uma ideia da saga incoerente do governo baiano atual, vejam o que coletamos.<\/p>\n<p>Segundo a ONU, entre 2009 e 2010 o Brasil foi o pa\u00eds que apresentou maior crescimento no \u00cdndice de Desenvolvimento Humano (IDH). O pa\u00eds passou de 77\u00ba para 73\u00ba lugar. O salto no ranking comprova certa tend\u00eancia detectada pelo Programa das Na\u00e7\u00f5es Unidas para o Desenvolvimento (PNUD), onde praticamente todos os pa\u00edses apresentaram melhoria nos \u00edndices mais importantes e, desde 2000, o Brasil cresce mais r\u00e1pido que a m\u00e9dia mundial. Por\u00e9m, conforme o relat\u00f3rio da ONU, para melhorar esse desempenho, seria necess\u00e1rio investir em \u00e1reas b\u00e1sicas que ainda s\u00e3o negligenciadas, como: educa\u00e7\u00e3o, sa\u00fade, saneamento b\u00e1sico, diminui\u00e7\u00e3o da pobreza, igualdade social, etc..<\/p>\n<p>A Bahia, de acordo com o Censo IBGE 2010, possui 14.021.432 habitantes.\u00a0Na Zona Urbana est\u00e3o concentrados 10.105.218 habitantes. Apesar de ser considerado o s\u00e9timo Estado mais rico do pa\u00eds, \u201cinexplicavelmente\u201d, comparando com outros estados brasileiros, apesar das for\u00e7as pol\u00edticas serem favor\u00e1veis ao governo do Estado, foi o que menos evoluiu.<\/p>\n<p><!--more--><\/p>\n<p>Os t\u00e9cnicos do Minist\u00e9rio do Desenvolvimento Social e Combate a Fome\u00a0publicaram\u00a0recentementedados apontando a Bahia como o estado com a maior concentra\u00e7\u00e3o de pessoas em situa\u00e7\u00e3o de extrema pobreza. Os dados informam que s\u00e3o 2,4 milh\u00f5es de baianos com rendimento mensal individual inferior a R$ 70,00, contra apenas tr\u00eas milh\u00f5es de pessoas nestas condi\u00e7\u00f5es em toda Regi\u00e3o Sudeste. ABahia, no Nordeste, figura em primeiro lugar, o segundo \u00e9 o Maranh\u00e3o (1,7 milh\u00e3o) e o terceiro \u00e9 o Cear\u00e1 (1,5 milh\u00e3o). No Brasil existe 16,27 milh\u00f5es de pessoas nessa condi\u00e7\u00e3o e a maior concentra\u00e7\u00e3o \u00e9 no Norte e Nordeste, onde ironicamente a Bahia \u00e9 a atual campe\u00e3.<\/p>\n<p>Essa inefici\u00eancia da Bahia,na conjuntura nacional, reflete negativamente de cheio em todos os munic\u00edpios baianos, coincidindo com nossa realidade Illheense.<\/p>\n<p>Aqui em Ilh\u00e9us,o Prefeito passou a figurar-se como umDi\u00f3genes de S\u00ednopesem lamparina,para compor um secretariado honesto nesse \u201cmiti\u00ea\u201d de coliga\u00e7\u00f5es e compromissos partid\u00e1rios.Sem identidade com a irmandade do governador ele \u00e9 um camarada sem norte.E, sem ch\u00e3o nessa peregrina\u00e7\u00e3o ut\u00f3pica da ponte a\u00e9rea Ilh\u00e9us \/ Pal\u00e1cio de Ondina,onosso prefeito vai cheio de esperan\u00e7a e volta com a mala cheia de promessas. Ele espera e nada acontece, tudo piora a cada dia, inclusive, sua credibilidade desce ladeira abaixo, numa orquestra\u00e7\u00e3o proposital para que os \u201canjinhos\u201d criem asas com a coniv\u00eancia da pluralidade pol\u00edtica de sua gest\u00e3o, falsamente lapidada para fortalecer seu governo. O falecido ex-prefeito Jo\u00e3o Lyrio foi um bom exemplo desse semelhante fen\u00f4meno.<\/p>\n<p>Nesse artificioso apoio, preservando as for\u00e7as que lhe d\u00e3o sustenta\u00e7\u00e3o,Newton\u00e9 taxado de tantos adjetivos impublic\u00e1veis! \u00c9 melhor deixar que o povo os diga.Por\u00e9m, imagino eu que Newton n\u00e3o dorme.Emocionado, por que tem um secretariado inconstante e esquivado, ele deve ter pesadelos por causa daast\u00faciade alguns desses anjinhos, inclusive os da C\u00e2mara de Vereadores.Todos os dias ele,provavelmente acorda dessa ins\u00f4nia, olha de sua janela do Outeiro, pode crer \u00e9 uma bela paisagem e,preocupado nem mais tem tempo de contemplar o belo nascer do sol, ou da lua cheia enamorada, porque em sil\u00eancio,sitiado e vigiado por urubus, v\u00ea seu governo afogando na praia de S\u00e3o Sebasti\u00e3o, tudo por causa da suposta conjuntura pol\u00edtica \u201cfavor\u00e1vel\u201d para ele, montada em Ilh\u00e9us. Resta-lhe ent\u00e3o, al\u00e9m da honrosa estrutura familiar, o sil\u00eancio que \u00e0s vezes pode compromet\u00ea-lo a um racha generalizado e ele ficar sozinho nessa, o que inevitavelmente deve acontecer ao iniciar 2012, ano de elei\u00e7\u00f5es municipais.<\/p>\n<p>Enquanto isso um fortearticulador espreita, tenta limpar a fixa, d\u00e1 risada no seu ostracismo planejado, come pelas beiradas, espalha c\u00e9lulas de confian\u00e7a nos cargos das esferas pol\u00edticas favor\u00e1veis, declara amor ao Governador e por detr\u00e1s de um prestigioso negro monte faz a sua pousada para acordar em 2012 como a velha nov\u00edssima lideran\u00e7a que vai salvar Ilh\u00e9us.Viva o morro! Grita.Pelo andar das coisas espera ele ser aclamado pelo povo sedento e desmemoriado.<\/p>\n<p>Se o velho l\u00edder articulador conseguir esse feito, vai ser um golpe de mestre no PT de Ilh\u00e9us que, abra\u00e7ado pelo esperan\u00e7oso Newton Lima,n\u00e3o mostrou efici\u00eancia e ainda n\u00e3o tem um nome, se n\u00e3o p\u00fablico, carism\u00e1tico, embora uma suposta candidata que n\u00e3o \u00e9 da \u201cOrdem das freiras Carmelitas Descal\u00e7as\u201d espalhe Outdoors pela cidade assanhando a disputa interna no partido. O resto aguarda o desmonte em 2012.<\/p>\n<p>N\u00e3o se iludam, estamos cansados de ouvir promessas v\u00e3s para salvar Ilh\u00e9us, apesar disto parecer mais uma pegadinha de malandro querendo se da bem, os eleitores cometem o mesmo vacilo na hora de escolher seus representantes. Resta-nos desejar boa sorte aIlh\u00e9us e a Newton,para que as for\u00e7as do bem conspirem ao seu favor.<\/p>\n<p>&nbsp;<\/p>\n<p>&#8212;<\/p>\n<p>Paulo de Oliveira<\/p>\n","protected":false},"excerpt":{"rendered":"<p>Na minha \u00f3tica de cidad\u00e3o, para Ilh\u00e9us, o governo de Wagner, os vereadores em exerc\u00edcio, a maioria do secretariado montado e desmontado pelo compromisso de campanha, entre outros apoios e coliga\u00e7\u00f5es de Newton, foram (est\u00e3o sendo) a maior decep\u00e7\u00e3o p\u00f3s-elei\u00e7\u00e3o.Sabemos que o Governador Wagner foi bem votado aqui gra\u00e7as \u00e0 popularidade de Lula, esper\u00e1vamos mais [&hellip;]<\/p>\n","protected":false},"author":2,"featured_media":0,"comment_status":"open","ping_status":"open","sticky":false,"template":"","format":"standard","meta":{"_links_to":"","_links_to_target":""},"categories":[10],"tags":[],"_links":{"self":[{"href":"https:\/\/www.r2cpress.com.br\/v1\/wp-json\/wp\/v2\/posts\/16408"}],"collection":[{"href":"https:\/\/www.r2cpress.com.br\/v1\/wp-json\/wp\/v2\/posts"}],"about":[{"href":"https:\/\/www.r2cpress.com.br\/v1\/wp-json\/wp\/v2\/types\/post"}],"author":[{"embeddable":true,"href":"https:\/\/www.r2cpress.com.br\/v1\/wp-json\/wp\/v2\/users\/2"}],"replies":[{"embeddable":true,"href":"https:\/\/www.r2cpress.com.br\/v1\/wp-json\/wp\/v2\/comments?post=16408"}],"version-history":[{"count":4,"href":"https:\/\/www.r2cpress.com.br\/v1\/wp-json\/wp\/v2\/posts\/16408\/revisions"}],"predecessor-version":[{"id":16412,"href":"https:\/\/www.r2cpress.com.br\/v1\/wp-json\/wp\/v2\/posts\/16408\/revisions\/16412"}],"wp:attachment":[{"href":"https:\/\/www.r2cpress.com.br\/v1\/wp-json\/wp\/v2\/media?parent=16408"}],"wp:term":[{"taxonomy":"category","embeddable":true,"href":"https:\/\/www.r2cpress.com.br\/v1\/wp-json\/wp\/v2\/categories?post=16408"},{"taxonomy":"post_tag","embeddable":true,"href":"https:\/\/www.r2cpress.com.br\/v1\/wp-json\/wp\/v2\/tags?post=16408"}],"curies":[{"name":"wp","href":"https:\/\/api.w.org\/{rel}","templated":true}]}}