{"id":16418,"date":"2011-05-29T18:49:37","date_gmt":"2011-05-29T21:49:37","guid":{"rendered":"http:\/\/www.r2cpress.com.br\/v1\/?p=16418"},"modified":"2011-05-29T18:49:37","modified_gmt":"2011-05-29T21:49:37","slug":"apesar-da-derrota-itabuna-segue-em-1%c2%b0-na-classificacao","status":"publish","type":"post","link":"https:\/\/www.r2cpress.com.br\/v1\/2011\/05\/29\/apesar-da-derrota-itabuna-segue-em-1%c2%b0-na-classificacao\/","title":{"rendered":"Apesar da derrota, Itabuna segue em 1\u00b0 na classifica\u00e7\u00e3o"},"content":{"rendered":"<p>Embora tenha perdido a invencibilidade na partida deste domingo (29), diante do Jacuipense, com o placar negativo de 3&#215;1, o Itabuna Esporte Clube garantiu a classifica\u00e7\u00e3o em primeiro lugar no grupo 2 \u2013 pelo Campeonato da 2\u00aa Divis\u00e3o, devido o resultado de empate de 0x0 entre Jequi\u00e9 e Guanambi. Com a vantagem, o Azulino volta a jogar no pr\u00f3ximo domingo (05), no est\u00e1dio Luiz Viana Filho &#8211; Itabun\u00e3o, \u00e0s 15 horas, diante da equipe de Jequi\u00e9, terceiro colocado no grupo, com 10 pontos.<\/p>\n<p>&nbsp;<\/p>\n<p>A s\u00e9tima partida foi realizada no est\u00e1dio Eliel Martins, em Riach\u00e3o do Jacu\u00edpe. O time itabunense iniciou a partida com muitas oportunidades em campo, mas n\u00e3o foram muito aproveitadas pelos jogadores, que n\u00e3o acertaram o caminho do gol advers\u00e1rio. Logo, o time do Jacu\u00edpe investiu nas jogadas e Baco conseguiu abrir o placar aos 31 minutos do primeiro tempo.<\/p>\n<p><!--more--><\/p>\n<p>No in\u00edcio da segunda etapa da partida, aos cinco minutos, o jogador Jo\u00e3o ganhou o espa\u00e7o na \u00e1rea do Azulino e marcou de cabe\u00e7a o segundo gol do time da casa. O Itabuna ainda tentou reagir, aos 29 minutos, e diminuiu, com um gol assinalado pelo jovem de apenas 17 anos, Paulo C\u00e9sar, que entrou no lugar de Mathaus. Mas, atrav\u00e9s de um contra ataque do time advers\u00e1rio, o atleta Thiago marcou o \u00faltimo gol aos 31 minutos e fechou o marcador com 3&#215;1.<\/p>\n<p>&nbsp;<\/p>\n<p><strong>Avalia\u00e7\u00e3o<\/strong><\/p>\n<p><strong> <\/strong><\/p>\n<p>Apesar do resultado negativo, a equipe itabunense permanece na primeira coloca\u00e7\u00e3o, com 14 pontos ganhos e classificado para a semifinal da competi\u00e7\u00e3o. De acordo com o t\u00e9cnico Daniel Oliveira, a equipe retorna as atividades f\u00edsicas e t\u00e1ticas esta semana, com a finalidade de acertar o passe para enfrentar o time de Jequi\u00e9. \u201cEsta semana teremos tempo para corrigir os erros que tivemos contra o Jacuipense, para jogar tranquilo contra o Jequi\u00e9 e vencer a partida\u201d, declarou o treinador.<\/p>\n","protected":false},"excerpt":{"rendered":"<p>Embora tenha perdido a invencibilidade na partida deste domingo (29), diante do Jacuipense, com o placar negativo de 3&#215;1, o Itabuna Esporte Clube garantiu a classifica\u00e7\u00e3o em primeiro lugar no grupo 2 \u2013 pelo Campeonato da 2\u00aa Divis\u00e3o, devido o resultado de empate de 0x0 entre Jequi\u00e9 e Guanambi. Com a vantagem, o Azulino volta [&hellip;]<\/p>\n","protected":false},"author":2,"featured_media":0,"comment_status":"open","ping_status":"open","sticky":false,"template":"","format":"standard","meta":{"_links_to":"","_links_to_target":""},"categories":[11],"tags":[],"_links":{"self":[{"href":"https:\/\/www.r2cpress.com.br\/v1\/wp-json\/wp\/v2\/posts\/16418"}],"collection":[{"href":"https:\/\/www.r2cpress.com.br\/v1\/wp-json\/wp\/v2\/posts"}],"about":[{"href":"https:\/\/www.r2cpress.com.br\/v1\/wp-json\/wp\/v2\/types\/post"}],"author":[{"embeddable":true,"href":"https:\/\/www.r2cpress.com.br\/v1\/wp-json\/wp\/v2\/users\/2"}],"replies":[{"embeddable":true,"href":"https:\/\/www.r2cpress.com.br\/v1\/wp-json\/wp\/v2\/comments?post=16418"}],"version-history":[{"count":3,"href":"https:\/\/www.r2cpress.com.br\/v1\/wp-json\/wp\/v2\/posts\/16418\/revisions"}],"predecessor-version":[{"id":16421,"href":"https:\/\/www.r2cpress.com.br\/v1\/wp-json\/wp\/v2\/posts\/16418\/revisions\/16421"}],"wp:attachment":[{"href":"https:\/\/www.r2cpress.com.br\/v1\/wp-json\/wp\/v2\/media?parent=16418"}],"wp:term":[{"taxonomy":"category","embeddable":true,"href":"https:\/\/www.r2cpress.com.br\/v1\/wp-json\/wp\/v2\/categories?post=16418"},{"taxonomy":"post_tag","embeddable":true,"href":"https:\/\/www.r2cpress.com.br\/v1\/wp-json\/wp\/v2\/tags?post=16418"}],"curies":[{"name":"wp","href":"https:\/\/api.w.org\/{rel}","templated":true}]}}