{"id":16426,"date":"2011-05-30T08:12:12","date_gmt":"2011-05-30T11:12:12","guid":{"rendered":"http:\/\/www.r2cpress.com.br\/v1\/?p=16426"},"modified":"2011-05-30T08:13:48","modified_gmt":"2011-05-30T11:13:48","slug":"estarei-convosco-todos-os-dias","status":"publish","type":"post","link":"https:\/\/www.r2cpress.com.br\/v1\/2011\/05\/30\/estarei-convosco-todos-os-dias\/","title":{"rendered":"ESTAREI CONVOSCO TODOS OS DIAS."},"content":{"rendered":"<p><em> <\/em><\/p>\n<div style=\"width: 246px\" class=\"wp-caption alignleft\"><img loading=\"lazy\" title=\"Dom Mauro Montagnoli \/ Bispo diocesano de Ilh\u00e9us\" src=\"http:\/\/www.r2cpress.com.br\/v1\/wp-content\/uploads\/dom-Mauro_2261.jpg\" alt=\"Dom Mauro Montagnoli \/ Bispo diocesano de Ilh\u00e9us\" width=\"236\" height=\"255\" \/><p class=\"wp-caption-text\">Dom Mauro Montagnoli \/ Bispo diocesano de Ilh\u00e9us<\/p><\/div>\n<p>Vamos celebrar a festa da Ascens\u00e3o do Senhor Jesus. Ele foi elevado aos c\u00e9us por entre aclama\u00e7\u00f5es. O Pai o associou definitivamente \u00e0 sua vida, ao seu poder sobre as pessoas e sobre o mundo. Ele est\u00e1 sentado \u00e0 direita do Pai.<\/p>\n<p>Com Ele, por Ele e n\u2019Ele, agradecemos a Deus pela eleva\u00e7\u00e3o de todas as pessoas e do universo. S\u00e3o Le\u00e3o Magno escreve: \u201cA ascens\u00e3o do Cristo \u00e9 a nossa ascens\u00e3o; j\u00e1 que o Corpo \u00e9 convidado a elevar-se at\u00e9 a gl\u00f3ria em que o precedeu a cabe\u00e7a, vamos cantar nossa alegria, expandir em a\u00e7\u00e3o de gra\u00e7as todo o nosso j\u00fabilo. Hoje, n\u00e3o apenas conquistamos o para\u00edso, mas, no Cristo, penetramos no mais alto c\u00e9u\u201d.<br \/>\nJesus Cristo foi elevado aos c\u00e9us, mas continua sempre presente em nosso meio. Uma presen\u00e7a sacramental. Estar\u00e1 sempre conosco, at\u00e9 o fim dos tempos (cf. Mt 28,30).<br \/>\nN\u00f3s, na for\u00e7a do seu Esp\u00edrito somos enviados para a miss\u00e3o, come\u00e7ando da Galileia.<\/p>\n<p><!--more-->Jesus confia aos disc\u00edpulos uma miss\u00e3o que garante a continuidade de seu programa libertador: <em>\u201cIde, pois, fazer disc\u00edpulos entre todas as na\u00e7\u00f5es, e batizai-os em nome do Pai, do Filho e do Esp\u00edrito Santo\u201d <\/em>(Mt 28,19). O envio mission\u00e1rio dirige-se a todos os povos, n\u00e3o apenas a Israel, como em Mt <em>10,5-15. <\/em>Ap\u00f3s ter conhecido plenamente a Jesus e feito a experi\u00eancia do encontro com ele na f\u00e9, os disc\u00edpulos sentem-se impelidos a ensinar, minist\u00e9rio antes reservado ao seu Mestre.<\/p>\n<p>Os disc\u00edpulos devem congregar os povos e torn\u00e1-los seguidores de Jesus, ensinando-os a observar os seus mandamentos, suas palavras e a\u00e7\u00f5es misericordiosas e solid\u00e1rias. A ressurrei\u00e7\u00e3o de Jesus tem um significado universal, que possibilita abrir o horizonte da comunidade. O batismo significa entrar na vida nova, numa nova rela\u00e7\u00e3o de comunh\u00e3o com o Pai atrav\u00e9s do Filho e o Esp\u00edrito Santo.<\/p>\n<p>Jesus assegura a sua presen\u00e7a no meio dos disc\u00edpulos. <em>\u201cEstarei convosco todos os dias, at\u00e9 ofim do mundo\u201d <\/em>(Mt 28,20). A presen\u00e7a do Senhor, como o Emanuel, o Deus conosco (cf. Mt 1,23), fortalece os seus seguidores para que permane\u00e7am no caminho trilhado por ele at\u00e9 chegar \u00e0 gl\u00f3ria do Pai. Cristo permanece com os disc\u00edpulos e disc\u00edpulas, guiando-os e protegendo-os at\u00e9 a realiza\u00e7\u00e3o plena do Reino.<\/p>\n<p>Deus oferece a salva\u00e7\u00e3o a todos os povos, chamando os disc\u00edpulos a serem instrumentos de comunica\u00e7\u00e3o da Boa Nova de Jesus.<\/p>\n<p>A ascens\u00e3o assinala o coroamento da miss\u00e3o salv\u00edfica de Jesus, realizada mediante a vida, morte e ressurrei\u00e7\u00e3o. Por isso, a ascens\u00e3o, a exalta\u00e7\u00e3o de Jesus \u00e9 um apelo para seguir o seu caminho com fidelidade, anunciando sua mensagem de liberta\u00e7\u00e3o.<br \/>\nAs palavras de Jesus e sua presen\u00e7a viva, que estar\u00e1 sempre em nosso meio, nos colocam a caminho e nos incentivam a sermos fieis \u00e0 miss\u00e3o. Elas nos impelem a sair de n\u00f3s mesmos para abrir-nos a um novo horizonte, que possibilita a todos os seres humanos a alegria de sentirem-se filhos de Deus e irm\u00e3os entre si.<\/p>\n<p>O Ressuscitado nos confia o an\u00fancio da Boa Nova da salva\u00e7\u00e3o, libertando-nos da estagna\u00e7\u00e3o para nos empenhar na promo\u00e7\u00e3o da vida. Toda a comunidade recebe a ordem de fazer disc\u00edpulos, batizando-os e ensinando-os a observar os ensinamentos deixados por Jesus. Da comunh\u00e3o de amor, pelo batismo, deve surgir uma humanidade nova, alicer\u00e7ada na filia\u00e7\u00e3o divina e na fraternidade.<\/p>\n<p>Diz o Papa Bento XVI: \u201cUma vez que todo o Povo de Deus \u00e9 um povo enviado, a miss\u00e3o de anunciar a Palavra de Deus \u00e9 dever de todos os disc\u00edpulos de Jesus Cristo, em consequ\u00eancia do seu batismo. Nenhuma pessoa que cr\u00ea em Cristo pode sentir-se alheia a esta responsabilidade que deriva do fato de ela pertencer sacramentalmente ao Corpo de Cristo. Esta consci\u00eancia deve ser despertada em cada fam\u00edlia, par\u00f3quia, comunidade, associa\u00e7\u00e3o e movimento eclesial. Portanto, toda a Igreja, enquanto mist\u00e9rio de comunh\u00e3o, \u00e9 mission\u00e1ria, e cada um no seu pr\u00f3prio estado de vida, \u00e9 chamado a dar uma contribui\u00e7\u00e3o incisiva para o an\u00fancio crist\u00e3o\u201d.(Exort. Apost. Verbum Domini, 94)<\/p>\n<p>Nesta semana de ora\u00e7\u00e3o pela unidade das Igrejas crist\u00e3s, invoquemos o Esp\u00edrito de Deus para que habite em n\u00f3s e seja nosso sustento na miss\u00e3o que recebemos do pr\u00f3prio Ressuscitado.<\/p>\n<p>&#8212;<\/p>\n<p>Dom Mauro Montagnoli<\/p>\n<p>Bispo diocesano de Ilh\u00e9us<\/p>\n","protected":false},"excerpt":{"rendered":"<p>Vamos celebrar a festa da Ascens\u00e3o do Senhor Jesus. Ele foi elevado aos c\u00e9us por entre aclama\u00e7\u00f5es. O Pai o associou definitivamente \u00e0 sua vida, ao seu poder sobre as pessoas e sobre o mundo. Ele est\u00e1 sentado \u00e0 direita do Pai. Com Ele, por Ele e n\u2019Ele, agradecemos a Deus pela eleva\u00e7\u00e3o de todas [&hellip;]<\/p>\n","protected":false},"author":2,"featured_media":0,"comment_status":"open","ping_status":"open","sticky":false,"template":"","format":"standard","meta":{"_links_to":"","_links_to_target":""},"categories":[17],"tags":[],"_links":{"self":[{"href":"https:\/\/www.r2cpress.com.br\/v1\/wp-json\/wp\/v2\/posts\/16426"}],"collection":[{"href":"https:\/\/www.r2cpress.com.br\/v1\/wp-json\/wp\/v2\/posts"}],"about":[{"href":"https:\/\/www.r2cpress.com.br\/v1\/wp-json\/wp\/v2\/types\/post"}],"author":[{"embeddable":true,"href":"https:\/\/www.r2cpress.com.br\/v1\/wp-json\/wp\/v2\/users\/2"}],"replies":[{"embeddable":true,"href":"https:\/\/www.r2cpress.com.br\/v1\/wp-json\/wp\/v2\/comments?post=16426"}],"version-history":[{"count":5,"href":"https:\/\/www.r2cpress.com.br\/v1\/wp-json\/wp\/v2\/posts\/16426\/revisions"}],"predecessor-version":[{"id":16430,"href":"https:\/\/www.r2cpress.com.br\/v1\/wp-json\/wp\/v2\/posts\/16426\/revisions\/16430"}],"wp:attachment":[{"href":"https:\/\/www.r2cpress.com.br\/v1\/wp-json\/wp\/v2\/media?parent=16426"}],"wp:term":[{"taxonomy":"category","embeddable":true,"href":"https:\/\/www.r2cpress.com.br\/v1\/wp-json\/wp\/v2\/categories?post=16426"},{"taxonomy":"post_tag","embeddable":true,"href":"https:\/\/www.r2cpress.com.br\/v1\/wp-json\/wp\/v2\/tags?post=16426"}],"curies":[{"name":"wp","href":"https:\/\/api.w.org\/{rel}","templated":true}]}}