{"id":16435,"date":"2011-05-30T13:43:53","date_gmt":"2011-05-30T16:43:53","guid":{"rendered":"http:\/\/www.r2cpress.com.br\/v1\/?p=16435"},"modified":"2011-05-30T13:43:53","modified_gmt":"2011-05-30T16:43:53","slug":"a-coluna-do-jonildo-19","status":"publish","type":"post","link":"https:\/\/www.r2cpress.com.br\/v1\/2011\/05\/30\/a-coluna-do-jonildo-19\/","title":{"rendered":"A Coluna do Jonildo"},"content":{"rendered":"<p><strong><span style=\"font-size: small;\"><span style=\"font-family: Times New Roman;\"><img loading=\"lazy\" class=\"alignright\" src=\"http:\/\/www.r2cpress.com.br\/v1\/wp-content\/uploads\/jonildo-perfil.jpg\" alt=\"\" width=\"300\" height=\"190\" \/>EMBASA I<\/span><\/span><\/strong><\/p>\n<p><span style=\"font-family: Times New Roman; font-size: small;\">\u00c9  impressionante o descaso e a baixa qualidade no atendimento prestado  pelo governo da Bahia, a popula\u00e7\u00e3o de Ilh\u00e9us, atrav\u00e9s da sua EMBASA.<\/span><\/p>\n<p><span style=\"font-family: Times New Roman; font-size: small;\">Os  moradores da Rua Madre Tha\u00eds sofrem com a falta d\u2019\u00e1gua intermitente  devido \u00e0 baixa press\u00e3o. Sendo assim as caixas de armazenamento n\u00e3o s\u00e3o  abastecidas e, quando se reclama nada acontece.<\/span><\/p>\n<p><span style=\"font-family: Times New Roman; font-size: small;\">Desde o final da tarde de quarta-feira(25), os moradores da Rua do Convento da Piedade est\u00e3o sem \u00e1gua.<\/span><\/p>\n<p><span style=\"font-family: Times New Roman; font-size: small;\">Nessa  rua est\u00e1 situado o Instituto Nossa Senhora da Piedade com  aproximadamente tr\u00eas mil estudantes. Depois de muitas reclama\u00e7\u00f5es e  aborrecimentos, sexta-feira (27) apareceu um funcion\u00e1rio da empresa e  anunciou que n\u00e3o havia problema algum, estava tudo bem.<\/span><\/p>\n<p><span style=\"font-family: Times New Roman; font-size: small;\">O  achincalhe para com os usu\u00e1rios ilheenses pela empresa do Governo da  Bahia \u00e9 uma pr\u00e1tica comum. Os moradores continuaram sem \u00e1gua.<\/span><\/p>\n<p><span style=\"font-family: Times New Roman; font-size: small;\"> <\/span><\/p>\n<p><strong><span style=\"font-size: small;\"><span style=\"font-family: Times New Roman;\">EMBASA II<\/span><\/span><\/strong><\/p>\n<p><strong><span style=\"font-size: small;\"><span style=\"font-family: Times New Roman;\"><!--more--><br \/>\n<\/span><\/span><\/strong><\/p>\n<p><span style=\"font-family: Times New Roman; font-size: small;\">S\u00e1bado  (28) e domingo (29) uma maratona porta a porta em busca de torneiras  pr\u00f3ximas aos registros para encher, a conta-gotas, baldes com \u00e1gua.  Crian\u00e7as, idosos, pessoas doentes, escolas nada disso \u00e9 considerado.<\/span><\/p>\n<p><span style=\"font-family: Times New Roman; font-size: small;\">Segunda-feira  (30), os rel\u00f3gios das casas situadas na Rua Madre Tha\u00eds giravam numa  velocidade impressionante. N\u00e3o era \u00e1gua era ar.<\/span><\/p>\n<p><span style=\"font-family: Times New Roman; font-size: small;\">Essa  parece ser a forma que a EMBASA encontra para compensar a perda de  receita suspendendo o fornecimento \u00e1gua para os seus usu\u00e1rios. Fazer com  que um grande volume de ar passe pelos rel\u00f3gios e assim justificar os  valores astron\u00f4micos cobrados nas faturas ao final de cada m\u00eas.<\/span><\/p>\n<p><span style=\"font-family: Times New Roman; font-size: small;\">Desonesto? <\/span><\/p>\n<p><span style=\"font-family: Times New Roman; font-size: small;\">Essa  \u00e9 pr\u00e1tica conta com o apoio dos governos baianos. O governador \u00e9 o  mandat\u00e1rio-mor da EMBASA, a ele cabe nomear o secret\u00e1rio da \u00e1rea e por  ele passam os nomes dos gestores locais.<\/span><\/p>\n<p><span style=\"font-family: Times New Roman; font-size: small;\">A  pr\u00e1tica e as pessoas s\u00e3o as mesmas dos governos de ACM, Paulo Souto,  Otto Alencar, Cesar Borges e do atual, Jaques Wagner que \u00e9 uma sequ\u00eancia  p\u00farpura-mel\u00e3o dos antecessores.<\/span><\/p>\n<p><span style=\"font-family: Times New Roman; font-size: small;\"> <\/span><\/p>\n<p><strong><span style=\"font-size: small;\"><span style=\"font-family: Times New Roman;\">EMBASA III<\/span><\/span><\/strong><\/p>\n<p><span style=\"font-family: Times New Roman; font-size: small;\">O  problema n\u00e3o est\u00e1 restrito a Rua Madre Tha\u00eds, mas a toda cidade. Foi o  Minist\u00e9rio P\u00fablico que determinou, provocado pelo Corpo de Bombeiros, a  troca dos hidrantes da cidade e a EMBASA sequer sabia onde estavam  localizados.<\/span><\/p>\n<p><span style=\"font-family: Times New Roman; font-size: small;\">Foi  preciso o Ten Cel BM Marivaldo Elias de S\u00e1, comandante do Corpo de  Bombeiros em Ilh\u00e9us cobrar os gestores locais da EMBASA a libera\u00e7\u00e3o da  pressuriza\u00e7\u00e3o da rede, disponibilizando-a 24 horas. A reuni\u00e3o foi no dia  14 de dezembro de 2010, na Associa\u00e7\u00e3o Comercial.<\/span><\/p>\n<p><span style=\"font-family: Times New Roman; font-size: small;\">Se acontecer um inc\u00eandio na cidade, n\u00e3o \u00e9 poss\u00edvel reabastercer as viaturas com \u00e1gua para combat\u00ea-lo. <\/span><\/p>\n<p><span style=\"font-family: Times New Roman; font-size: small;\">O  ultimo inc\u00eandio, ocorrido em novembro de 2010, consumiu totalmente uma  f\u00e1brica de computadores porque n\u00e3o havia \u00e1gua no Distrito Industrial e  em todo o bairro de Iguape, zona norte da cidade. <\/span><\/p>\n<p><span style=\"font-family: Times New Roman; font-size: small;\">S\u00e3o muitas as desculpas, nenhuma justificativa para incompet\u00eancia e o descaso.<\/span><\/p>\n<p><span style=\"font-family: Times New Roman; font-size: small;\">Nos  bairros Pontal, Nelson Costa, na zona sul falta \u00e1gua. As torneiras  ficam secas nos bairros Teot\u00f4nio Vilela, banco da Vit\u00f3ria e Salobrinho  na Zona Oeste. Princesa Isabel \u00e9 outra localidade que sofre com a falta  de \u00e1gua. L\u00e1 a \u00e1gua nas torneiras s\u00f3 cai entre a meia noite \u00e1s 2 da  madrugada e ainda assim com pouca press\u00e3o.<\/span><\/p>\n<p><span style=\"font-family: Times New Roman; font-size: small;\"> <\/span><\/p>\n<p><strong><span style=\"font-size: small;\"><span style=\"font-family: Times New Roman;\">\u201cDE TODOS N\u00d3IS\u201d<\/span><\/span><\/strong><\/p>\n<p><span style=\"font-family: Times New Roman; font-size: small;\">Bem!  Pelo menos assim os ilheenses lembram a exist\u00eancia de um governo  omisso, de muitas promessas e fact\u00f3ides, mas nenhuma a\u00e7\u00e3o concreta na  cidade de Ilh\u00e9us como em toda Regi\u00e3o Sul da Bahia .<\/span><\/p>\n<p><span style=\"font-family: Times New Roman; font-size: small;\">&#8212;<\/span><\/p>\n<p><strong><a href=\"mailto:jonildogloria@gmail.com\" target=\"_blank\">jonildogloria@gmail.com<\/a><\/strong><\/p>\n<p><strong><a href=\"http:\/\/jonildogloria.blogspot.com\/\" target=\"_blank\">jonildogloria.blogspot.com<\/a><\/strong><\/p>\n","protected":false},"excerpt":{"rendered":"<p>EMBASA I \u00c9 impressionante o descaso e a baixa qualidade no atendimento prestado pelo governo da Bahia, a popula\u00e7\u00e3o de Ilh\u00e9us, atrav\u00e9s da sua EMBASA. Os moradores da Rua Madre Tha\u00eds sofrem com a falta d\u2019\u00e1gua intermitente devido \u00e0 baixa press\u00e3o. Sendo assim as caixas de armazenamento n\u00e3o s\u00e3o abastecidas e, quando se reclama nada [&hellip;]<\/p>\n","protected":false},"author":2,"featured_media":0,"comment_status":"open","ping_status":"open","sticky":false,"template":"","format":"standard","meta":{"_links_to":"","_links_to_target":""},"categories":[10,1],"tags":[],"_links":{"self":[{"href":"https:\/\/www.r2cpress.com.br\/v1\/wp-json\/wp\/v2\/posts\/16435"}],"collection":[{"href":"https:\/\/www.r2cpress.com.br\/v1\/wp-json\/wp\/v2\/posts"}],"about":[{"href":"https:\/\/www.r2cpress.com.br\/v1\/wp-json\/wp\/v2\/types\/post"}],"author":[{"embeddable":true,"href":"https:\/\/www.r2cpress.com.br\/v1\/wp-json\/wp\/v2\/users\/2"}],"replies":[{"embeddable":true,"href":"https:\/\/www.r2cpress.com.br\/v1\/wp-json\/wp\/v2\/comments?post=16435"}],"version-history":[{"count":2,"href":"https:\/\/www.r2cpress.com.br\/v1\/wp-json\/wp\/v2\/posts\/16435\/revisions"}],"predecessor-version":[{"id":16437,"href":"https:\/\/www.r2cpress.com.br\/v1\/wp-json\/wp\/v2\/posts\/16435\/revisions\/16437"}],"wp:attachment":[{"href":"https:\/\/www.r2cpress.com.br\/v1\/wp-json\/wp\/v2\/media?parent=16435"}],"wp:term":[{"taxonomy":"category","embeddable":true,"href":"https:\/\/www.r2cpress.com.br\/v1\/wp-json\/wp\/v2\/categories?post=16435"},{"taxonomy":"post_tag","embeddable":true,"href":"https:\/\/www.r2cpress.com.br\/v1\/wp-json\/wp\/v2\/tags?post=16435"}],"curies":[{"name":"wp","href":"https:\/\/api.w.org\/{rel}","templated":true}]}}