{"id":16464,"date":"2011-05-30T21:32:25","date_gmt":"2011-05-31T00:32:25","guid":{"rendered":"http:\/\/www.r2cpress.com.br\/v1\/?p=16464"},"modified":"2011-05-30T21:32:25","modified_gmt":"2011-05-31T00:32:25","slug":"itabuna-flanelinhas-agridem-dono-de-carro-que-se-recusou-a-pagar","status":"publish","type":"post","link":"https:\/\/www.r2cpress.com.br\/v1\/2011\/05\/30\/itabuna-flanelinhas-agridem-dono-de-carro-que-se-recusou-a-pagar\/","title":{"rendered":"Itabuna: Flanelinhas agridem dono de carro que se recusou a pagar"},"content":{"rendered":"<p><strong>A agress\u00e3o aconteceu na Pra\u00e7a Camac\u00e3, ap\u00f3s a v\u00edtima ter dito ao flanelinha que n\u00e3o tinha dinheiro para dar<\/strong><\/p>\n<p>Dois flanelinhas agrediram o dono de um carro nesta segunda-feira (30) na avenida Cinquenten\u00e1rio localizada no munic\u00edpio de Itabuna, a 433 Km de Salvador. Segundo informa\u00e7\u00f5es da delegada Gildete Duarte, respons\u00e1vel pelo plant\u00e3o desta noite, al\u00e9m de agredir Ronil Queiroz Trindade Santos, 24 anos, com uma facada no pesco\u00e7o, os flanelinhas tamb\u00e9m atingiram Rodrigo Queiroz Trindade Santos, irm\u00e3o do motorista, com pedradas na cabe\u00e7a. <\/p>\n<p>Segundo a delegada, a agress\u00e3o aconteceu na Pra\u00e7a Camac\u00e3, ap\u00f3s Ronil ter se negado a pagar o flanelinha, dizendo que n\u00e3o era obrigado a dar nada, j\u00e1 que o estacionamento \u00e9 p\u00fablico. O flanelinha Osm\u00e1rio da Silva Concei\u00e7\u00e3o colocou a m\u00e3o dentro do carro para tentar roubar algo. Diante da situa\u00e7\u00e3o o irm\u00e3o de Ronil, Rodrigo saiu do carro e acabou entrando em luta corporal com o irm\u00e3o do flanelinha, Osmar da Silva Concei\u00e7\u00e3o, que tamb\u00e9m estava cuidando de carros na pra\u00e7a.<\/p>\n<p><!--more--><\/p>\n<p>Ao ver que Rodrigo estava apanhando e que mais quatro flanelinhas, ainda n\u00e3o identificados, vinham para ajudar Osmar, Ronil saiu do carro para socorrer o irm\u00e3o. Osm\u00e1rio correu com a faca na m\u00e3o e atingiu Ronil. Pessoas que passavam pelo local ajudaram as v\u00edtimas, que se abrigaram na frente de um banco at\u00e9 a chegada de policiais militares.<\/p>\n<p>Osm\u00e1rio foi autuado em flagrante por tentativa de homic\u00eddio e ser\u00e1 encaminhado para o Conjunto Penal de Itabuna. Osmar foi autuado por les\u00f5es corporais e responder\u00e1 pelo crime em liberdade.<\/p>\n<p>As v\u00edtimas Ronil e Rodrigo foram socorridos pelo Servi\u00e7o de Atendimento M\u00f3vel de Urg\u00eancia (SAMU) e j\u00e1 foram liberados.<\/p>\n<p>&#8212;<br \/>\nMayra Lopes | Reda\u00e7\u00e3o <a href = \"http:\/\/www.correio24horas.com.br\/noticias\/detalhes\/detalhes-1\/artigo\/flanelinhas-agridem-dono-de-carro-na-cidade-de-itabuna\/\" target = \"_news\"><b>CORREIO DA BAHIA<\/b><\/a><br \/>\nmayra.lopes@redebahia.com.br<\/p>\n","protected":false},"excerpt":{"rendered":"<p>A agress\u00e3o aconteceu na Pra\u00e7a Camac\u00e3, ap\u00f3s a v\u00edtima ter dito ao flanelinha que n\u00e3o tinha dinheiro para dar Dois flanelinhas agrediram o dono de um carro nesta segunda-feira (30) na avenida Cinquenten\u00e1rio localizada no munic\u00edpio de Itabuna, a 433 Km de Salvador. Segundo informa\u00e7\u00f5es da delegada Gildete Duarte, respons\u00e1vel pelo plant\u00e3o desta noite, al\u00e9m [&hellip;]<\/p>\n","protected":false},"author":2,"featured_media":0,"comment_status":"open","ping_status":"open","sticky":false,"template":"","format":"standard","meta":{"_links_to":"","_links_to_target":""},"categories":[15],"tags":[],"_links":{"self":[{"href":"https:\/\/www.r2cpress.com.br\/v1\/wp-json\/wp\/v2\/posts\/16464"}],"collection":[{"href":"https:\/\/www.r2cpress.com.br\/v1\/wp-json\/wp\/v2\/posts"}],"about":[{"href":"https:\/\/www.r2cpress.com.br\/v1\/wp-json\/wp\/v2\/types\/post"}],"author":[{"embeddable":true,"href":"https:\/\/www.r2cpress.com.br\/v1\/wp-json\/wp\/v2\/users\/2"}],"replies":[{"embeddable":true,"href":"https:\/\/www.r2cpress.com.br\/v1\/wp-json\/wp\/v2\/comments?post=16464"}],"version-history":[{"count":2,"href":"https:\/\/www.r2cpress.com.br\/v1\/wp-json\/wp\/v2\/posts\/16464\/revisions"}],"predecessor-version":[{"id":16466,"href":"https:\/\/www.r2cpress.com.br\/v1\/wp-json\/wp\/v2\/posts\/16464\/revisions\/16466"}],"wp:attachment":[{"href":"https:\/\/www.r2cpress.com.br\/v1\/wp-json\/wp\/v2\/media?parent=16464"}],"wp:term":[{"taxonomy":"category","embeddable":true,"href":"https:\/\/www.r2cpress.com.br\/v1\/wp-json\/wp\/v2\/categories?post=16464"},{"taxonomy":"post_tag","embeddable":true,"href":"https:\/\/www.r2cpress.com.br\/v1\/wp-json\/wp\/v2\/tags?post=16464"}],"curies":[{"name":"wp","href":"https:\/\/api.w.org\/{rel}","templated":true}]}}