{"id":16471,"date":"2011-05-31T10:15:43","date_gmt":"2011-05-31T13:15:43","guid":{"rendered":"http:\/\/www.r2cpress.com.br\/v1\/?p=16471"},"modified":"2011-05-31T10:28:53","modified_gmt":"2011-05-31T13:28:53","slug":"alvinho-e-djalma-ganham-na-5%c2%aa-rodada-da-avep","status":"publish","type":"post","link":"https:\/\/www.r2cpress.com.br\/v1\/2011\/05\/31\/alvinho-e-djalma-ganham-na-5%c2%aa-rodada-da-avep\/","title":{"rendered":"ALVINHO E DJALMA GANHAM NA 5\u00aa RODADA DA AVEP"},"content":{"rendered":"<p><strong>Reportagem  Heckel Janu\u00e1rio<\/strong><\/p>\n<p><div id=\"attachment_16473\" style=\"width: 305px\" class=\"wp-caption alignleft\"><a href=\"http:\/\/www.r2cpress.com.br\/v1\/wp-content\/uploads\/MONT-CAPA-SITE75.jpg\"><img aria-describedby=\"caption-attachment-16473\" loading=\"lazy\" src=\"http:\/\/www.r2cpress.com.br\/v1\/wp-content\/uploads\/MONT-CAPA-SITE75-295x300.jpg\" alt=\"\" title=\"MONT CAPA SITE\" width=\"295\" height=\"300\" class=\"size-medium wp-image-16473\" srcset=\"https:\/\/www.r2cpress.com.br\/v1\/wp-content\/uploads\/MONT-CAPA-SITE75-295x300.jpg 295w, https:\/\/www.r2cpress.com.br\/v1\/wp-content\/uploads\/MONT-CAPA-SITE75.jpg 680w\" sizes=\"(max-width: 295px) 100vw, 295px\" \/><\/a><p id=\"caption-attachment-16473\" class=\"wp-caption-text\">Clique para AMPLIAR.<\/p><\/div>Jogando neste domingo (29.05.2011) pela 5\u00aa rodada da programa\u00e7\u00e3o do ano da AVEP &#8211; Associa\u00e7\u00e3o dos Veteranos de Esporte Praiano, no Campo 1 a equipe do Capit\u00e3o Alvinho da Financeira venceu a do Capit\u00e3o Silvio Reis pelo placar de 1 x 0, gol marcado por Marconi aos 39 minutos da segunda etapa. Neste jogo a impensada briga entre Luis M\u00e1rio e Arag\u00e3o do time de Silvio motivada por uma falta mal batida gerou a expuls\u00e3o dos dois no que, aproveitando o desfalque e a mar\u00e9 que avan\u00e7ava, o time advers\u00e1rio conseguiu a vit\u00f3ria com um golzinho chorado. Destaque para Rog\u00e9rio Midlej que voltou jogando o fino da bola depois de alguns meses afastado consertando o joelho bichado. No Campo 2 a equipe do Capital Djalma Peludo venceu a do Capit\u00e3o Paulinho Medauar pelo escore de 2 x 1, gols de Crispiniano aos 25 do primeiro e aos 35 do segundo e Bacelar aos 22 minutos do segundo tempo para o time de Paulinho.<\/p>\n<p><!--more--><\/p>\n<p>No Campo 1 a equipe do Capit\u00e3o Alvinho da Financeira jogou com: Rosivaldo, Mario, Alvinho, Wilton, Dr. Souto, Rog\u00e9rio Midlej, Erisvan, Marconi, Martial (depois Alan) e Cezinha.  A do Capit\u00e3o Silvio Reis com: Zeca, Prof. Jorge, H. Janu\u00e1rio, Sizinio, Silvio Reis, Zeduardo, Arag\u00e3o, Sena, Luis M\u00e1rio e Renatinho.<br \/>\nNo Campo 2 o time do Capit\u00e3o Djalma Peludo formou com: Valdemir, Djalma, Correia, Paul\u00f4, Luis Humberto, Pio, Maurilio, Crispiniano e Alipio. O do Capit\u00e3o Paulinho Medauar com: Pedro Paulo, Bacelar, Galetti, Paulinho, Mauricio, Ralio, Japon\u00eas, Lindoia e Garrancho. <\/p>\n<p>O homenageado desta quinzena \u00e9 Sizinio Rosa Barros (conhecido tamb\u00e9m entre os amigos como \u201cEl Fornicador\u201d). O atleta se destaca pela sua dedica\u00e7\u00e3o ao esporte. Em Ilh\u00e9us foi t\u00e9cnico da Sele\u00e7\u00e3o de Nata\u00e7\u00e3o, ficando em segundo lugar no Campeonato Baiano no ano de 2000; t\u00e9cnico da Sele\u00e7\u00e3o de Basquete (Campe\u00e3 do Torneio Maramata em 2004) e dirigiu algumas modalidades de esporte no Col\u00e9gio S\u00e1 Pereira se sagrando campe\u00e3o dos jogos estudantis por 3 anos consecutivos. Foi t\u00e9cnico da Sele\u00e7\u00e3o Baiana de Remo em 1988 e em 1980 e em 1989 auxiliou o t\u00e9cnico Buck da Sele\u00e7\u00e3o Brasileira de Remo respectivamente em Moscou e no Chile. A sua abnega\u00e7\u00e3o pelo esporte \u00e9 tamanha j\u00e1 tendo enviado atletas de remo para o Flamengo, Vasco, Internacional (Rio de Janeiro), S\u00e3o Salvador, Vit\u00f3ria e Itapagipe (Bahia). Sizinio al\u00e9m da \u00e1rea agron\u00f4mica \u00e9 formado em Educa\u00e7\u00e3o F\u00edsica, j\u00e1 tendo sido inclusive Secret\u00e1rio de Esporte do munic\u00edpio ilheense. No futebol, embora tenha aprendido a trabalhar a redonda tardiamente, se especializou em lateral esquerdo marcador.<\/p>\n<p>Nota: Os ju\u00edzes Mailton da Cruz (Campo 1) e Matheus Souza de Jesus (Campo 2) da Liga Ilheense de Futebol tiveram boa atua\u00e7\u00e3o. <\/p>\n","protected":false},"excerpt":{"rendered":"<p>Reportagem Heckel Janu\u00e1rio Jogando neste domingo (29.05.2011) pela 5\u00aa rodada da programa\u00e7\u00e3o do ano da AVEP &#8211; Associa\u00e7\u00e3o dos Veteranos de Esporte Praiano, no Campo 1 a equipe do Capit\u00e3o Alvinho da Financeira venceu a do Capit\u00e3o Silvio Reis pelo placar de 1 x 0, gol marcado por Marconi aos 39 minutos da segunda etapa. [&hellip;]<\/p>\n","protected":false},"author":2,"featured_media":0,"comment_status":"open","ping_status":"open","sticky":false,"template":"","format":"standard","meta":{"_links_to":"","_links_to_target":""},"categories":[11],"tags":[],"_links":{"self":[{"href":"https:\/\/www.r2cpress.com.br\/v1\/wp-json\/wp\/v2\/posts\/16471"}],"collection":[{"href":"https:\/\/www.r2cpress.com.br\/v1\/wp-json\/wp\/v2\/posts"}],"about":[{"href":"https:\/\/www.r2cpress.com.br\/v1\/wp-json\/wp\/v2\/types\/post"}],"author":[{"embeddable":true,"href":"https:\/\/www.r2cpress.com.br\/v1\/wp-json\/wp\/v2\/users\/2"}],"replies":[{"embeddable":true,"href":"https:\/\/www.r2cpress.com.br\/v1\/wp-json\/wp\/v2\/comments?post=16471"}],"version-history":[{"count":4,"href":"https:\/\/www.r2cpress.com.br\/v1\/wp-json\/wp\/v2\/posts\/16471\/revisions"}],"predecessor-version":[{"id":16476,"href":"https:\/\/www.r2cpress.com.br\/v1\/wp-json\/wp\/v2\/posts\/16471\/revisions\/16476"}],"wp:attachment":[{"href":"https:\/\/www.r2cpress.com.br\/v1\/wp-json\/wp\/v2\/media?parent=16471"}],"wp:term":[{"taxonomy":"category","embeddable":true,"href":"https:\/\/www.r2cpress.com.br\/v1\/wp-json\/wp\/v2\/categories?post=16471"},{"taxonomy":"post_tag","embeddable":true,"href":"https:\/\/www.r2cpress.com.br\/v1\/wp-json\/wp\/v2\/tags?post=16471"}],"curies":[{"name":"wp","href":"https:\/\/api.w.org\/{rel}","templated":true}]}}