{"id":16483,"date":"2011-05-31T10:57:07","date_gmt":"2011-05-31T13:57:07","guid":{"rendered":"http:\/\/www.r2cpress.com.br\/v1\/?p=16483"},"modified":"2011-05-31T10:57:07","modified_gmt":"2011-05-31T13:57:07","slug":"monge-cak-em-fabula-do-pavao-e-do-urubu","status":"publish","type":"post","link":"https:\/\/www.r2cpress.com.br\/v1\/2011\/05\/31\/monge-cak-em-fabula-do-pavao-e-do-urubu\/","title":{"rendered":"Monge CAK em: F\u00c1BULA DO PAV\u00c3O E DO URUBU"},"content":{"rendered":"<p>H\u00e1 um conto japon\u00eas milenar que \u00e9 mais ou menos assim:<\/p>\n<p>Em uma plan\u00edcie, viviam um Urubu e um Pav\u00e3o.<\/p>\n<p>Certo dia, o Pav\u00e3o refletiu:<\/p>\n<p>&#8211; Sou a ave mais bonita do mundo animal, tenho uma plumagem colorida e exuberante, por\u00e9m nem voar eu posso, de modo a mostrar minha beleza. Feliz \u00e9 o Urubu que \u00e9 livre para voar para onde o vento o levar.<\/p>\n<p>O Urubu, por sua vez, tamb\u00e9m refletia no alto de uma \u00e1rvore:<\/p>\n<p>&#8211; Que infeliz ave sou eu, a mais feia de todo o reino animal e ainda tenho que voar e ser visto por todos, quem me dera ser belo e vistoso tal qual aquele Pav\u00e3o.<\/p>\n<p>Foi quando ambas as aves tiveram uma brilhante id\u00e9ia em comum e se juntaram para discorrer sobre ela: um cruzamento entre eles seria \u00f3timo para ambos, gerando um descendente que voasse como o Urubu e tivesse a graciosidade de um Pav\u00e3o.<\/p>\n<p>Ent\u00e3o cruzaram&#8230; e da\u00ed nasceu o Peru:<\/p>\n<p><strong>QUE N\u00c3O VOA E \u00c9 FEIO PRA CACETE!<\/strong><\/p>\n<p><strong>Moral da hist\u00f3ria:<\/strong><br \/>\nSe a coisa t\u00e1 ruim, n\u00e3o inventa!!!<br \/>\nGambiarra s\u00f3 d\u00e1 merda!!!<\/p>\n","protected":false},"excerpt":{"rendered":"<p>H\u00e1 um conto japon\u00eas milenar que \u00e9 mais ou menos assim: Em uma plan\u00edcie, viviam um Urubu e um Pav\u00e3o. Certo dia, o Pav\u00e3o refletiu: &#8211; Sou a ave mais bonita do mundo animal, tenho uma plumagem colorida e exuberante, por\u00e9m nem voar eu posso, de modo a mostrar minha beleza. Feliz \u00e9 o Urubu [&hellip;]<\/p>\n","protected":false},"author":2,"featured_media":0,"comment_status":"open","ping_status":"open","sticky":false,"template":"","format":"standard","meta":{"_links_to":"","_links_to_target":""},"categories":[10],"tags":[],"_links":{"self":[{"href":"https:\/\/www.r2cpress.com.br\/v1\/wp-json\/wp\/v2\/posts\/16483"}],"collection":[{"href":"https:\/\/www.r2cpress.com.br\/v1\/wp-json\/wp\/v2\/posts"}],"about":[{"href":"https:\/\/www.r2cpress.com.br\/v1\/wp-json\/wp\/v2\/types\/post"}],"author":[{"embeddable":true,"href":"https:\/\/www.r2cpress.com.br\/v1\/wp-json\/wp\/v2\/users\/2"}],"replies":[{"embeddable":true,"href":"https:\/\/www.r2cpress.com.br\/v1\/wp-json\/wp\/v2\/comments?post=16483"}],"version-history":[{"count":2,"href":"https:\/\/www.r2cpress.com.br\/v1\/wp-json\/wp\/v2\/posts\/16483\/revisions"}],"predecessor-version":[{"id":16485,"href":"https:\/\/www.r2cpress.com.br\/v1\/wp-json\/wp\/v2\/posts\/16483\/revisions\/16485"}],"wp:attachment":[{"href":"https:\/\/www.r2cpress.com.br\/v1\/wp-json\/wp\/v2\/media?parent=16483"}],"wp:term":[{"taxonomy":"category","embeddable":true,"href":"https:\/\/www.r2cpress.com.br\/v1\/wp-json\/wp\/v2\/categories?post=16483"},{"taxonomy":"post_tag","embeddable":true,"href":"https:\/\/www.r2cpress.com.br\/v1\/wp-json\/wp\/v2\/tags?post=16483"}],"curies":[{"name":"wp","href":"https:\/\/api.w.org\/{rel}","templated":true}]}}