{"id":16486,"date":"2011-05-31T10:59:26","date_gmt":"2011-05-31T13:59:26","guid":{"rendered":"http:\/\/www.r2cpress.com.br\/v1\/?p=16486"},"modified":"2011-05-31T10:59:26","modified_gmt":"2011-05-31T13:59:26","slug":"revitalizacao","status":"publish","type":"post","link":"https:\/\/www.r2cpress.com.br\/v1\/2011\/05\/31\/revitalizacao\/","title":{"rendered":"Revitaliza\u00e7\u00e3o !"},"content":{"rendered":"<p>De: Rodrigo <rodrigolaguardia @hotmail.com><br \/>\nAssunto:<strong> Revitaliza\u00e7\u00e3o !<\/strong><\/p>\n<p>Corpo da mensagem:<br \/>\nRabat<\/p>\n<p>Que palavra bonita, &#8220;revitaliza\u00e7\u00e3o&#8221;, estamos presenciando a todo o momento a prefeitura fazer propaganda que est\u00e1 atuando na revitaliza\u00e7\u00e3o das pra\u00e7as da nossa cidade&#8230; Quando damos conta, constatamos que houve apenas a &#8220;poda&#8221; das \u00e1rvores&#8230; Por sinal, percebemos que a atual gest\u00e3o \u00e9 contra o arborismo, sombra e natureza, pois s\u00f3 fazem podar \u00e1rvores e arbustos, nada mais. Daqui a um tempo ser\u00e1 raro vermos arvores em Ilh\u00e9us.<br \/>\nAlgu\u00e9m precisa dizer o que a palavra &#8216;revitaliza\u00e7\u00e3o&#8221; \u00e9 muito al\u00e9m de podar as \u00e1rvores. O significa desta palavra, em sua profundidade requer um servi\u00e7o de qualidade, melhorando os passeios\/cal\u00e7amento, um paisagismo moderno, local para brinquedos\/parques, quiosques, lixeiras, ilumina\u00e7\u00e3o, bancos, etc&#8230;<br \/>\nE o nosso dinheiro indo pelo ralo e pior, as pra\u00e7as ficando mais feias do que j\u00e1 s\u00e3o&#8230;<\/p>\n<p>&#8212;<br \/>\nEsta mensagem foi enviada atrav\u00e9s do formul\u00e1rio de contato do site R2CPRESS | A Letra Fria da Verdade http:\/\/www.r2cpress.com.br\/v1<\/rodrigolaguardia><\/p>\n","protected":false},"excerpt":{"rendered":"<p>De: Rodrigo Assunto: Revitaliza\u00e7\u00e3o ! Corpo da mensagem: Rabat Que palavra bonita, &#8220;revitaliza\u00e7\u00e3o&#8221;, estamos presenciando a todo o momento a prefeitura fazer propaganda que est\u00e1 atuando na revitaliza\u00e7\u00e3o das pra\u00e7as da nossa cidade&#8230; Quando damos conta, constatamos que houve apenas a &#8220;poda&#8221; das \u00e1rvores&#8230; Por sinal, percebemos que a atual gest\u00e3o \u00e9 contra o arborismo, [&hellip;]<\/p>\n","protected":false},"author":2,"featured_media":0,"comment_status":"open","ping_status":"open","sticky":false,"template":"","format":"standard","meta":{"_links_to":"","_links_to_target":""},"categories":[10],"tags":[],"_links":{"self":[{"href":"https:\/\/www.r2cpress.com.br\/v1\/wp-json\/wp\/v2\/posts\/16486"}],"collection":[{"href":"https:\/\/www.r2cpress.com.br\/v1\/wp-json\/wp\/v2\/posts"}],"about":[{"href":"https:\/\/www.r2cpress.com.br\/v1\/wp-json\/wp\/v2\/types\/post"}],"author":[{"embeddable":true,"href":"https:\/\/www.r2cpress.com.br\/v1\/wp-json\/wp\/v2\/users\/2"}],"replies":[{"embeddable":true,"href":"https:\/\/www.r2cpress.com.br\/v1\/wp-json\/wp\/v2\/comments?post=16486"}],"version-history":[{"count":2,"href":"https:\/\/www.r2cpress.com.br\/v1\/wp-json\/wp\/v2\/posts\/16486\/revisions"}],"predecessor-version":[{"id":16488,"href":"https:\/\/www.r2cpress.com.br\/v1\/wp-json\/wp\/v2\/posts\/16486\/revisions\/16488"}],"wp:attachment":[{"href":"https:\/\/www.r2cpress.com.br\/v1\/wp-json\/wp\/v2\/media?parent=16486"}],"wp:term":[{"taxonomy":"category","embeddable":true,"href":"https:\/\/www.r2cpress.com.br\/v1\/wp-json\/wp\/v2\/categories?post=16486"},{"taxonomy":"post_tag","embeddable":true,"href":"https:\/\/www.r2cpress.com.br\/v1\/wp-json\/wp\/v2\/tags?post=16486"}],"curies":[{"name":"wp","href":"https:\/\/api.w.org\/{rel}","templated":true}]}}