{"id":16523,"date":"2011-05-31T16:14:56","date_gmt":"2011-05-31T19:14:56","guid":{"rendered":"http:\/\/www.r2cpress.com.br\/v1\/?p=16523"},"modified":"2011-05-31T16:14:56","modified_gmt":"2011-05-31T19:14:56","slug":"dia-nacional-do-homem-batista","status":"publish","type":"post","link":"https:\/\/www.r2cpress.com.br\/v1\/2011\/05\/31\/dia-nacional-do-homem-batista\/","title":{"rendered":"DIA NACIONAL DO HOMEM BATISTA"},"content":{"rendered":"<p>A sociedade dos <strong>HOMENS BATISTAS,<\/strong> da Igreja do bairro Hernani S\u00e1 (URBIS), situada no<strong> Caminho Principal, 97, <\/strong>convida a todos para comemorar o <strong> DIA NACIONAL DO HOMEM BATISTA<\/strong> que ser\u00e1 realizado no dia <strong>05 JUNHO \u00e1s 19 HORAS.<\/strong>  <\/p>\n<p><center><strong>Aguardamos a sua visita <\/strong><\/center><\/p>\n<p>&#8212;<br \/>\nJo\u00e3o Carlos<\/p>\n","protected":false},"excerpt":{"rendered":"<p>A sociedade dos HOMENS BATISTAS, da Igreja do bairro Hernani S\u00e1 (URBIS), situada no Caminho Principal, 97, convida a todos para comemorar o DIA NACIONAL DO HOMEM BATISTA que ser\u00e1 realizado no dia 05 JUNHO \u00e1s 19 HORAS. Aguardamos a sua visita &#8212; Jo\u00e3o Carlos<\/p>\n","protected":false},"author":2,"featured_media":0,"comment_status":"open","ping_status":"open","sticky":false,"template":"","format":"standard","meta":{"_links_to":"","_links_to_target":""},"categories":[10],"tags":[],"_links":{"self":[{"href":"https:\/\/www.r2cpress.com.br\/v1\/wp-json\/wp\/v2\/posts\/16523"}],"collection":[{"href":"https:\/\/www.r2cpress.com.br\/v1\/wp-json\/wp\/v2\/posts"}],"about":[{"href":"https:\/\/www.r2cpress.com.br\/v1\/wp-json\/wp\/v2\/types\/post"}],"author":[{"embeddable":true,"href":"https:\/\/www.r2cpress.com.br\/v1\/wp-json\/wp\/v2\/users\/2"}],"replies":[{"embeddable":true,"href":"https:\/\/www.r2cpress.com.br\/v1\/wp-json\/wp\/v2\/comments?post=16523"}],"version-history":[{"count":6,"href":"https:\/\/www.r2cpress.com.br\/v1\/wp-json\/wp\/v2\/posts\/16523\/revisions"}],"predecessor-version":[{"id":16529,"href":"https:\/\/www.r2cpress.com.br\/v1\/wp-json\/wp\/v2\/posts\/16523\/revisions\/16529"}],"wp:attachment":[{"href":"https:\/\/www.r2cpress.com.br\/v1\/wp-json\/wp\/v2\/media?parent=16523"}],"wp:term":[{"taxonomy":"category","embeddable":true,"href":"https:\/\/www.r2cpress.com.br\/v1\/wp-json\/wp\/v2\/categories?post=16523"},{"taxonomy":"post_tag","embeddable":true,"href":"https:\/\/www.r2cpress.com.br\/v1\/wp-json\/wp\/v2\/tags?post=16523"}],"curies":[{"name":"wp","href":"https:\/\/api.w.org\/{rel}","templated":true}]}}