{"id":16540,"date":"2011-05-31T21:15:17","date_gmt":"2011-06-01T00:15:17","guid":{"rendered":"http:\/\/www.r2cpress.com.br\/v1\/?p=16540"},"modified":"2011-05-31T21:26:56","modified_gmt":"2011-06-01T00:26:56","slug":"comissao-de-infraestrutura-discute-situacao-do-sistema-ferryboat","status":"publish","type":"post","link":"https:\/\/www.r2cpress.com.br\/v1\/2011\/05\/31\/comissao-de-infraestrutura-discute-situacao-do-sistema-ferryboat\/","title":{"rendered":"Comiss\u00e3o de Infraestrutura discute situa\u00e7\u00e3o do sistema ferryboat"},"content":{"rendered":"<p><a href=\"http:\/\/www.r2cpress.com.br\/v1\/wp-content\/uploads\/ferryboat-angela-souza.jpg\"><img loading=\"lazy\" src=\"http:\/\/www.r2cpress.com.br\/v1\/wp-content\/uploads\/ferryboat-angela-souza-300x225.jpg\" alt=\"\" title=\"ferryboat angela souza\" width=\"300\" height=\"225\" class=\"alignleft size-medium wp-image-16543\" srcset=\"https:\/\/www.r2cpress.com.br\/v1\/wp-content\/uploads\/ferryboat-angela-souza-300x225.jpg 300w, https:\/\/www.r2cpress.com.br\/v1\/wp-content\/uploads\/ferryboat-angela-souza.jpg 680w\" sizes=\"(max-width: 300px) 100vw, 300px\" \/><\/a>A Comiss\u00e3o de Infraestrutura, Desenvolvimento Econ\u00f4mico e Turismo da Assembleia Legislativa da Bahia, presidida pela deputada estadual \u00c2ngela Sousa (PSC), debateu nesta ter\u00e7a-feira, 31, os problemas que afetam os usu\u00e1rios do sistema ferryboat entre Salvador e Bom Despacho, na Ba\u00eda de Todos os Santos.<\/p>\n<p>Estiveram na comiss\u00e3o a presidente da Associa\u00e7\u00e3o Comercial de Vera Cruz, Lenise Ferreira; a presidente do Sindicato dos Hot\u00e9is, Bares e Restaurantes da Ilha de Itaparica, Antomara Magalh\u00e3es; e o presidente da Central de Neg\u00f3cios da Ilha de Itaparica, Walter Correia.<\/p>\n<p>Os representantes do segmento empresarial apontaram as diversas falhas do sistema de transporte, destacando as filas, o pequeno n\u00famero de embarca\u00e7\u00f5es e a falta de manuten\u00e7\u00e3o adequada das existentes, al\u00e9m da precariedade dos terminais de S\u00e3o Joaquim e Bom Despacho. A presidente da Associa\u00e7\u00e3o Comercial de Vera Cruz mencionou ainda a dificuldade para dialogar com a empresa TWB, concession\u00e1ria respons\u00e1vel pelo servi\u00e7o.<\/p>\n<p>A deputada \u00c2ngela Sousa afirmou que a Comiss\u00e3o de Infraestrutura est\u00e1 atenta \u00e0 situa\u00e7\u00e3o e \u201cir\u00e1 se empenhar para apontar caminhos que levem \u00e0 melhoria do sistema ferryboat\u201d. Para aprofundar as discuss\u00f5es sobre o assunto, a Comiss\u00e3o recebe no pr\u00f3ximo dia 7 o diretor-executivo da Agerba, Eduardo Pessoa. Ser\u00e1 tamb\u00e9m agendada uma visita dos parlamentares \u00e0 Ilha de Itaparica, para ouvir aquela comunidade.<\/p>\n","protected":false},"excerpt":{"rendered":"<p>A Comiss\u00e3o de Infraestrutura, Desenvolvimento Econ\u00f4mico e Turismo da Assembleia Legislativa da Bahia, presidida pela deputada estadual \u00c2ngela Sousa (PSC), debateu nesta ter\u00e7a-feira, 31, os problemas que afetam os usu\u00e1rios do sistema ferryboat entre Salvador e Bom Despacho, na Ba\u00eda de Todos os Santos. Estiveram na comiss\u00e3o a presidente da Associa\u00e7\u00e3o Comercial de Vera Cruz, [&hellip;]<\/p>\n","protected":false},"author":2,"featured_media":0,"comment_status":"open","ping_status":"open","sticky":false,"template":"","format":"standard","meta":{"_links_to":"","_links_to_target":""},"categories":[22],"tags":[],"_links":{"self":[{"href":"https:\/\/www.r2cpress.com.br\/v1\/wp-json\/wp\/v2\/posts\/16540"}],"collection":[{"href":"https:\/\/www.r2cpress.com.br\/v1\/wp-json\/wp\/v2\/posts"}],"about":[{"href":"https:\/\/www.r2cpress.com.br\/v1\/wp-json\/wp\/v2\/types\/post"}],"author":[{"embeddable":true,"href":"https:\/\/www.r2cpress.com.br\/v1\/wp-json\/wp\/v2\/users\/2"}],"replies":[{"embeddable":true,"href":"https:\/\/www.r2cpress.com.br\/v1\/wp-json\/wp\/v2\/comments?post=16540"}],"version-history":[{"count":3,"href":"https:\/\/www.r2cpress.com.br\/v1\/wp-json\/wp\/v2\/posts\/16540\/revisions"}],"predecessor-version":[{"id":16542,"href":"https:\/\/www.r2cpress.com.br\/v1\/wp-json\/wp\/v2\/posts\/16540\/revisions\/16542"}],"wp:attachment":[{"href":"https:\/\/www.r2cpress.com.br\/v1\/wp-json\/wp\/v2\/media?parent=16540"}],"wp:term":[{"taxonomy":"category","embeddable":true,"href":"https:\/\/www.r2cpress.com.br\/v1\/wp-json\/wp\/v2\/categories?post=16540"},{"taxonomy":"post_tag","embeddable":true,"href":"https:\/\/www.r2cpress.com.br\/v1\/wp-json\/wp\/v2\/tags?post=16540"}],"curies":[{"name":"wp","href":"https:\/\/api.w.org\/{rel}","templated":true}]}}