{"id":16592,"date":"2011-06-01T12:58:16","date_gmt":"2011-06-01T15:58:16","guid":{"rendered":"http:\/\/www.r2cpress.com.br\/v1\/?p=16592"},"modified":"2011-06-01T18:49:36","modified_gmt":"2011-06-01T21:49:36","slug":"16592","status":"publish","type":"post","link":"https:\/\/www.r2cpress.com.br\/v1\/2011\/06\/01\/16592\/","title":{"rendered":"Sele\u00e7\u00e3o de Ilh\u00e9us de 1982"},"content":{"rendered":"<p>Caro Rabat.<\/p>\n<p>Foto escaneada, de meu acervo pessoal, da Sele\u00e7\u00e3o de Ilh\u00e9us de 1982, que venceu o Bangu, no dia 28 de junho, por 3&#215;1.<\/p>\n<div id=\"attachment_16593\" style=\"width: 310px\" class=\"wp-caption aligncenter\"><a href=\"http:\/\/www.r2cpress.com.br\/v1\/wp-content\/uploads\/Sele\u00e7\u00e3o0001-c\u00f3pia.jpg\"><img aria-describedby=\"caption-attachment-16593\" loading=\"lazy\" class=\"size-medium wp-image-16593\" title=\"Sele\u00e7\u00e3o0001 c\u00f3pia\" src=\"http:\/\/www.r2cpress.com.br\/v1\/wp-content\/uploads\/Sele\u00e7\u00e3o0001-c\u00f3pia-300x237.jpg\" alt=\"\" width=\"300\" height=\"237\" srcset=\"https:\/\/www.r2cpress.com.br\/v1\/wp-content\/uploads\/Sele\u00e7\u00e3o0001-c\u00f3pia-300x237.jpg 300w, https:\/\/www.r2cpress.com.br\/v1\/wp-content\/uploads\/Sele\u00e7\u00e3o0001-c\u00f3pia.jpg 709w\" sizes=\"(max-width: 300px) 100vw, 300px\" \/><\/a><p id=\"caption-attachment-16593\" class=\"wp-caption-text\">Clique para AMPLIAR.<\/p><\/div>\n<p>&nbsp;<\/p>\n<p>O escrete:<\/p>\n<p>De p\u00e9 da esquerda para a direita &gt;&gt; Bico de Pato &#8211; Jorge Amarelinho &#8211; Armando &#8211; Abreu &#8211; Urubu &#8211; S\u00e9rgio, Henrique &#8211; Paulo Cuminho &#8211; Elias &#8211; Z\u00e9 Bispo &#8211; Castor de Andrade (na \u00e9poca Presidente do Bang\u00fa) e Jaziel Martins.<\/p>\n<p>Agachados da esquerda para a direita &gt;&gt; Foca &#8211; Paulinho Verdinho &#8211; Bebeto &#8211; Nerivaldo &#8211; Dic\u00f3 &#8211; Nilton Lima &#8211; Josias.<\/p>\n<p>\u00c1rbitro &gt;&gt; Nicolau.<\/p>\n<p>Por favor meu caro amigo, tente identificar alguns torcedores da arquibancada super lotada ao fundo.<br \/>\nAbra\u00e7ado com Jaziel Martins de Almeida est\u00e1 Castor de Andrade.<\/p>\n<p>Forte Abra\u00e7o<br \/>\nBira Madureira.<\/p>\n","protected":false},"excerpt":{"rendered":"<p>Caro Rabat. Foto escaneada, de meu acervo pessoal, da Sele\u00e7\u00e3o de Ilh\u00e9us de 1982, que venceu o Bangu, no dia 28 de junho, por 3&#215;1. &nbsp; O escrete: De p\u00e9 da esquerda para a direita &gt;&gt; Bico de Pato &#8211; Jorge Amarelinho &#8211; Armando &#8211; Abreu &#8211; Urubu &#8211; S\u00e9rgio, Henrique &#8211; Paulo Cuminho &#8211; [&hellip;]<\/p>\n","protected":false},"author":2,"featured_media":0,"comment_status":"open","ping_status":"open","sticky":false,"template":"","format":"standard","meta":{"_links_to":"","_links_to_target":""},"categories":[11],"tags":[],"_links":{"self":[{"href":"https:\/\/www.r2cpress.com.br\/v1\/wp-json\/wp\/v2\/posts\/16592"}],"collection":[{"href":"https:\/\/www.r2cpress.com.br\/v1\/wp-json\/wp\/v2\/posts"}],"about":[{"href":"https:\/\/www.r2cpress.com.br\/v1\/wp-json\/wp\/v2\/types\/post"}],"author":[{"embeddable":true,"href":"https:\/\/www.r2cpress.com.br\/v1\/wp-json\/wp\/v2\/users\/2"}],"replies":[{"embeddable":true,"href":"https:\/\/www.r2cpress.com.br\/v1\/wp-json\/wp\/v2\/comments?post=16592"}],"version-history":[{"count":5,"href":"https:\/\/www.r2cpress.com.br\/v1\/wp-json\/wp\/v2\/posts\/16592\/revisions"}],"predecessor-version":[{"id":16635,"href":"https:\/\/www.r2cpress.com.br\/v1\/wp-json\/wp\/v2\/posts\/16592\/revisions\/16635"}],"wp:attachment":[{"href":"https:\/\/www.r2cpress.com.br\/v1\/wp-json\/wp\/v2\/media?parent=16592"}],"wp:term":[{"taxonomy":"category","embeddable":true,"href":"https:\/\/www.r2cpress.com.br\/v1\/wp-json\/wp\/v2\/categories?post=16592"},{"taxonomy":"post_tag","embeddable":true,"href":"https:\/\/www.r2cpress.com.br\/v1\/wp-json\/wp\/v2\/tags?post=16592"}],"curies":[{"name":"wp","href":"https:\/\/api.w.org\/{rel}","templated":true}]}}