{"id":16604,"date":"2011-06-01T16:04:11","date_gmt":"2011-06-01T19:04:11","guid":{"rendered":"http:\/\/www.r2cpress.com.br\/v1\/?p=16604"},"modified":"2011-06-01T16:04:11","modified_gmt":"2011-06-01T19:04:11","slug":"4%c2%ba-circuito-de-tenis-de-ilheus-2011-comeca-com-festival-de-tenis-infantil-no-clube-social-de-ilheus","status":"publish","type":"post","link":"https:\/\/www.r2cpress.com.br\/v1\/2011\/06\/01\/4%c2%ba-circuito-de-tenis-de-ilheus-2011-comeca-com-festival-de-tenis-infantil-no-clube-social-de-ilheus\/","title":{"rendered":"4\u00ba Circuito de t\u00eanis de Ilh\u00e9us 2011 come\u00e7a com festival de t\u00eanis infantil no Clube Social de Ilh\u00e9us."},"content":{"rendered":"<p><a href=\"http:\/\/www.r2cpress.com.br\/v1\/wp-content\/uploads\/Imagem-001-tenis.jpg\"><img loading=\"lazy\" src=\"http:\/\/www.r2cpress.com.br\/v1\/wp-content\/uploads\/Imagem-001-tenis-300x203.jpg\" alt=\"\" title=\"Imagem 001 tenis\" width=\"300\" height=\"203\" class=\"alignleft size-medium wp-image-16606\" srcset=\"https:\/\/www.r2cpress.com.br\/v1\/wp-content\/uploads\/Imagem-001-tenis-300x203.jpg 300w, https:\/\/www.r2cpress.com.br\/v1\/wp-content\/uploads\/Imagem-001-tenis.jpg 680w\" sizes=\"(max-width: 300px) 100vw, 300px\" \/><\/a>Ser\u00e1 inicializado este fim de semana o 4\u00ba circuito de t\u00eanis 2011, com um festival de t\u00eanis infantil com mais de 40 crian\u00e7as das academias de Ilh\u00e9us.<br \/>\nEstas crian\u00e7as s\u00e3o de 6 a 12 anos e ser\u00e1 disputadas gincanas, brincadeiras, jogos, sorterio de brindes e muita anima\u00e7\u00e3o, o realizador do evento Prof. Erich Thaens junto com sua academia ET T\u00caNIS com 25 anos na cidade de Ilh\u00e9us acha interessante esta grande quantidade de crian\u00e7as, pois o esporte esta sendo renovado a cada instante, com m\u00e9todos diferenciados, com muita luticidade.<\/p>\n<p>O circuito se inicia dias 3, 4, 5 e 6 a fase infanto juvenil. E nos dias 10, 11, 12 adulto simples e 17, 18, 19 de junho duplas.<\/p>\n<p>O encerramento do evento ser\u00e1 oferecido um almo\u00e7o aos patrocinadores e participantes, o realizador do evento espera tamb\u00e9m tenistas de toda regi\u00e3o onde esta sendo divulgado o evento.Lembramos que as inscri\u00e7\u00f5es ser\u00e3o pelo telefone 9996-7090 \/ 3231-1475 \/ 9981-7090.<\/p>\n<p>O local do evento \u00e9 no Clube Social de Ilh\u00e9us.<\/p>\n<p>Este evento j\u00e1 esta contido com um dos mais importantes do meio esportivo para a cidade.<\/p>\n<p>Agradecemos aos patrocinadores: Pedal Bike e motos, Yazigi, Auto escola Santa Cec\u00edlia, Marcio Valad\u00e3o Clinica de Olhos, Polpas de Frutas Sabia, Lique box, Unimed, I.A Lima, Pizzaria Vila Rustica, Guarathon, Translitoral, Perelo, Cimentec, Distribuidora Ilh\u00e9us aguas e eventos, Imprensa Regional pela divulga\u00e7\u00e3o constante ao esporte Baiano.<\/p>\n<p>&#8212;<br \/>\nMayana Maciel.<\/p>\n","protected":false},"excerpt":{"rendered":"<p>Ser\u00e1 inicializado este fim de semana o 4\u00ba circuito de t\u00eanis 2011, com um festival de t\u00eanis infantil com mais de 40 crian\u00e7as das academias de Ilh\u00e9us. Estas crian\u00e7as s\u00e3o de 6 a 12 anos e ser\u00e1 disputadas gincanas, brincadeiras, jogos, sorterio de brindes e muita anima\u00e7\u00e3o, o realizador do evento Prof. Erich Thaens junto [&hellip;]<\/p>\n","protected":false},"author":2,"featured_media":0,"comment_status":"open","ping_status":"open","sticky":false,"template":"","format":"standard","meta":{"_links_to":"","_links_to_target":""},"categories":[11],"tags":[],"_links":{"self":[{"href":"https:\/\/www.r2cpress.com.br\/v1\/wp-json\/wp\/v2\/posts\/16604"}],"collection":[{"href":"https:\/\/www.r2cpress.com.br\/v1\/wp-json\/wp\/v2\/posts"}],"about":[{"href":"https:\/\/www.r2cpress.com.br\/v1\/wp-json\/wp\/v2\/types\/post"}],"author":[{"embeddable":true,"href":"https:\/\/www.r2cpress.com.br\/v1\/wp-json\/wp\/v2\/users\/2"}],"replies":[{"embeddable":true,"href":"https:\/\/www.r2cpress.com.br\/v1\/wp-json\/wp\/v2\/comments?post=16604"}],"version-history":[{"count":3,"href":"https:\/\/www.r2cpress.com.br\/v1\/wp-json\/wp\/v2\/posts\/16604\/revisions"}],"predecessor-version":[{"id":16608,"href":"https:\/\/www.r2cpress.com.br\/v1\/wp-json\/wp\/v2\/posts\/16604\/revisions\/16608"}],"wp:attachment":[{"href":"https:\/\/www.r2cpress.com.br\/v1\/wp-json\/wp\/v2\/media?parent=16604"}],"wp:term":[{"taxonomy":"category","embeddable":true,"href":"https:\/\/www.r2cpress.com.br\/v1\/wp-json\/wp\/v2\/categories?post=16604"},{"taxonomy":"post_tag","embeddable":true,"href":"https:\/\/www.r2cpress.com.br\/v1\/wp-json\/wp\/v2\/tags?post=16604"}],"curies":[{"name":"wp","href":"https:\/\/api.w.org\/{rel}","templated":true}]}}