{"id":16614,"date":"2011-06-01T17:34:33","date_gmt":"2011-06-01T20:34:33","guid":{"rendered":"http:\/\/www.r2cpress.com.br\/v1\/?p=16614"},"modified":"2011-06-01T17:34:33","modified_gmt":"2011-06-01T20:34:33","slug":"reforco-para-a-recuperacao-de-estradas-vicinais-em-ilheus","status":"publish","type":"post","link":"https:\/\/www.r2cpress.com.br\/v1\/2011\/06\/01\/reforco-para-a-recuperacao-de-estradas-vicinais-em-ilheus\/","title":{"rendered":"Refor\u00e7o para a recupera\u00e7\u00e3o de estradas vicinais em Ilh\u00e9us"},"content":{"rendered":"<p><div id=\"attachment_16615\" style=\"width: 310px\" class=\"wp-caption alignright\"><a href=\"http:\/\/www.r2cpress.com.br\/v1\/wp-content\/uploads\/SEDIR.jpg\"><img aria-describedby=\"caption-attachment-16615\" loading=\"lazy\" src=\"http:\/\/www.r2cpress.com.br\/v1\/wp-content\/uploads\/SEDIR-300x149.jpg\" alt=\"\" title=\"SEDIR\" width=\"300\" height=\"149\" class=\"size-medium wp-image-16615\" srcset=\"https:\/\/www.r2cpress.com.br\/v1\/wp-content\/uploads\/SEDIR-300x149.jpg 300w, https:\/\/www.r2cpress.com.br\/v1\/wp-content\/uploads\/SEDIR.jpg 680w\" sizes=\"(max-width: 300px) 100vw, 300px\" \/><\/a><p id=\"caption-attachment-16615\" class=\"wp-caption-text\">Clique para AMPLIAR<\/p><\/div>O prefeito de Ilh\u00e9us, Newton Lima, assinou nesta quarta-feira, 1\u00ba, na Secretaria de Desenvolvimento e Integra\u00e7\u00e3o Regional, o conv\u00eanio com a CAR (Companhia de Desenvolvimento e A\u00e7\u00e3o Regional), que garante a libera\u00e7\u00e3o de uma patrol para o munic\u00edpio. A m\u00e1quina ser\u00e1 utilizada na manuten\u00e7\u00e3o de estradas vicinais, a exemplo das que d\u00e3o acesso aos distritos de Inema, Castelo Novo e Banco Central.<\/p>\n<p>Al\u00e9m do prefeito, compareceram \u00e0 cerim\u00f4nia de assinatura do conv\u00eanio o vice-prefeito M\u00e1rio Alexandre, deputada estadual \u00c2ngela Sousa, os secret\u00e1rios municipais Jorge Bahia (Finan\u00e7as e Angelito Filho (A\u00e7\u00f5es Regionais) e os vereadores ilheenses Tarc\u00edsio Paix\u00e3o, Bel do Vilela e Dinho G\u00e1s, presidente da C\u00e2mara Municipal. Representaram o Governo da Bahia no ato o titular da Sedir, Wilson Britto, e o diretor da CAR, Jos\u00e9 Vivaldo Mendon\u00e7a.<\/p>\n<p>         O conv\u00eanio foi viabilizado por uma emenda da senadora L\u00eddice da Mata (PSB) que, segundo o prefeito, tem sido \u201cuma parceira de Ilh\u00e9us\u201d. Newton Lima tamb\u00e9m ressaltou a atua\u00e7\u00e3o da deputada \u00c2ngela, que \u201ctem realizado um trabalho constante junto ao Governo da Bahia, na busca de recursos e projetos em benef\u00edcio da popula\u00e7\u00e3o ilheense\u201d. <\/p>\n","protected":false},"excerpt":{"rendered":"<p>O prefeito de Ilh\u00e9us, Newton Lima, assinou nesta quarta-feira, 1\u00ba, na Secretaria de Desenvolvimento e Integra\u00e7\u00e3o Regional, o conv\u00eanio com a CAR (Companhia de Desenvolvimento e A\u00e7\u00e3o Regional), que garante a libera\u00e7\u00e3o de uma patrol para o munic\u00edpio. A m\u00e1quina ser\u00e1 utilizada na manuten\u00e7\u00e3o de estradas vicinais, a exemplo das que d\u00e3o acesso aos distritos [&hellip;]<\/p>\n","protected":false},"author":2,"featured_media":0,"comment_status":"open","ping_status":"open","sticky":false,"template":"","format":"standard","meta":{"_links_to":"","_links_to_target":""},"categories":[22],"tags":[],"_links":{"self":[{"href":"https:\/\/www.r2cpress.com.br\/v1\/wp-json\/wp\/v2\/posts\/16614"}],"collection":[{"href":"https:\/\/www.r2cpress.com.br\/v1\/wp-json\/wp\/v2\/posts"}],"about":[{"href":"https:\/\/www.r2cpress.com.br\/v1\/wp-json\/wp\/v2\/types\/post"}],"author":[{"embeddable":true,"href":"https:\/\/www.r2cpress.com.br\/v1\/wp-json\/wp\/v2\/users\/2"}],"replies":[{"embeddable":true,"href":"https:\/\/www.r2cpress.com.br\/v1\/wp-json\/wp\/v2\/comments?post=16614"}],"version-history":[{"count":2,"href":"https:\/\/www.r2cpress.com.br\/v1\/wp-json\/wp\/v2\/posts\/16614\/revisions"}],"predecessor-version":[{"id":16617,"href":"https:\/\/www.r2cpress.com.br\/v1\/wp-json\/wp\/v2\/posts\/16614\/revisions\/16617"}],"wp:attachment":[{"href":"https:\/\/www.r2cpress.com.br\/v1\/wp-json\/wp\/v2\/media?parent=16614"}],"wp:term":[{"taxonomy":"category","embeddable":true,"href":"https:\/\/www.r2cpress.com.br\/v1\/wp-json\/wp\/v2\/categories?post=16614"},{"taxonomy":"post_tag","embeddable":true,"href":"https:\/\/www.r2cpress.com.br\/v1\/wp-json\/wp\/v2\/tags?post=16614"}],"curies":[{"name":"wp","href":"https:\/\/api.w.org\/{rel}","templated":true}]}}