{"id":16621,"date":"2011-06-01T18:13:59","date_gmt":"2011-06-01T21:13:59","guid":{"rendered":"http:\/\/www.r2cpress.com.br\/v1\/?p=16621"},"modified":"2011-06-01T18:13:59","modified_gmt":"2011-06-01T21:13:59","slug":"camara-aprova-projetos-de-carmelita-em-defesa-da-educacao-de-qualidade-no-sistema-publico-em-ilheus","status":"publish","type":"post","link":"https:\/\/www.r2cpress.com.br\/v1\/2011\/06\/01\/camara-aprova-projetos-de-carmelita-em-defesa-da-educacao-de-qualidade-no-sistema-publico-em-ilheus\/","title":{"rendered":"C\u00e2mara aprova projetos de Carmelita em defesa da educa\u00e7\u00e3o de qualidade no sistema p\u00fablico em Ilh\u00e9us"},"content":{"rendered":"<p><strong><\/strong><\/p>\n<div id=\"attachment_16622\" style=\"width: 310px\" class=\"wp-caption alignright\"><a href=\"http:\/\/www.r2cpress.com.br\/v1\/wp-content\/uploads\/Vereadora-Carmelita-com-parlamentares-petistas-e-diretor-da-Embasa.jpg\"><img aria-describedby=\"caption-attachment-16622\" loading=\"lazy\" class=\"size-medium wp-image-16622\" title=\"Vereadora Carmelita com parlamentares petistas e diretor da Embasa\" src=\"http:\/\/www.r2cpress.com.br\/v1\/wp-content\/uploads\/Vereadora-Carmelita-com-parlamentares-petistas-e-diretor-da-Embasa-300x164.jpg\" alt=\"\" width=\"300\" height=\"164\" srcset=\"https:\/\/www.r2cpress.com.br\/v1\/wp-content\/uploads\/Vereadora-Carmelita-com-parlamentares-petistas-e-diretor-da-Embasa-300x164.jpg 300w, https:\/\/www.r2cpress.com.br\/v1\/wp-content\/uploads\/Vereadora-Carmelita-com-parlamentares-petistas-e-diretor-da-Embasa.jpg 640w\" sizes=\"(max-width: 300px) 100vw, 300px\" \/><\/a><p id=\"caption-attachment-16622\" class=\"wp-caption-text\">Clique para AMPLIAR.<\/p><\/div>\n<p>Duas importantes iniciativas ligadas \u00e0 melhoria da educa\u00e7\u00e3o p\u00fablica, de autoria da vereadora Carmelita \u00c2ngela (PT), de Ilh\u00e9us, foram aprovadas pelo plen\u00e1rio da C\u00e2mara Municipal, nesta quarta-feira (31). O Projeto de Lei que cria o <strong>Dia de Mobiliza\u00e7\u00e3o Social pela Educa\u00e7\u00e3o<\/strong>, a ser comemorado em 11 de Agosto, como parte da comemora\u00e7\u00e3o ao Dia do Estudante, foi aprovado por unanimidade. O objetivo \u00e9 que a data contribua para a melhoria da educa\u00e7\u00e3o no munic\u00edpio com campanhas conscientizat\u00f3rias e trabalhos intersetoriais envolvendo governo, institui\u00e7\u00f5es de ensino e parceiros, estimulando a participa\u00e7\u00e3o das fam\u00edlias na vida escolar dos estudantes.<\/p>\n<p><!--more--><\/p>\n<p>Nesta mesma sess\u00e3o, Carmelita teve tamb\u00e9m aprovada uma emenda \u00e0 Lei que disp\u00f5e sobre a cria\u00e7\u00e3o do Conselho Municipal de Acompanhamento e Controle Social do Fundo de Manuten\u00e7\u00e3o e Desenvolvimento da Educa\u00e7\u00e3o B\u00e1sica e de Valoriza\u00e7\u00e3o dos Professores da Educa\u00e7\u00e3o (Fundeb). A partir de agora, o Conselho ter\u00e1 dois representantes do Poder Executivo, dos quais pelo menos um dever\u00e1 ser da Secretaria Municipal de Educa\u00e7\u00e3o. Tamb\u00e9m foram institu\u00eddas as seguintes vagas ao conselho: um representante dos diretores das escolas p\u00fablicas da educa\u00e7\u00e3o b\u00e1sica e dois representantes de estudantes da Educa\u00e7\u00e3o B\u00e1sica p\u00fablica, um dos quais indicado pela entidade de estudantes secundaristas.<\/p>\n<p><strong>Investimentos<\/strong> &#8211; Durante a sess\u00e3o, a vereadora tamb\u00e9m falou sobre sua viagem a Salvador, onde esteve reunida com diretores da Embasa. Carmelita oficializou junto ao Governo da Bahia o pedido de implanta\u00e7\u00e3o do sistema de abastecimento de \u00e1gua nas comunidades de Banco do Pedro, Castelo Novo e Ponta do Ramo e da rede coletora de esgoto para a Ponta do Ramo, Vila Freitas e o bairro Jardim Sav\u00f3ia, zona norte do munic\u00edpio. Durante o encontro, que contou com as presen\u00e7as dos deputados petistas F\u00e1tima Nunes (estadual) e Josias Gomes (federal), a parlamentar tamb\u00e9m tomou conhecimento de como anda o processo licitat\u00f3rio para a implanta\u00e7\u00e3o do servi\u00e7o de abastecimento de \u00e1gua e esgoto da regi\u00e3o interiorana de Campinhos, reivindica\u00e7\u00e3o feita pelo seu mandato, que est\u00e1 em fase bastante adiantada de estudos e que tem custo estimado em 200 mil reais.<\/p>\n","protected":false},"excerpt":{"rendered":"<p>Duas importantes iniciativas ligadas \u00e0 melhoria da educa\u00e7\u00e3o p\u00fablica, de autoria da vereadora Carmelita \u00c2ngela (PT), de Ilh\u00e9us, foram aprovadas pelo plen\u00e1rio da C\u00e2mara Municipal, nesta quarta-feira (31). O Projeto de Lei que cria o Dia de Mobiliza\u00e7\u00e3o Social pela Educa\u00e7\u00e3o, a ser comemorado em 11 de Agosto, como parte da comemora\u00e7\u00e3o ao Dia do [&hellip;]<\/p>\n","protected":false},"author":2,"featured_media":0,"comment_status":"open","ping_status":"open","sticky":false,"template":"","format":"standard","meta":{"_links_to":"","_links_to_target":""},"categories":[22],"tags":[],"_links":{"self":[{"href":"https:\/\/www.r2cpress.com.br\/v1\/wp-json\/wp\/v2\/posts\/16621"}],"collection":[{"href":"https:\/\/www.r2cpress.com.br\/v1\/wp-json\/wp\/v2\/posts"}],"about":[{"href":"https:\/\/www.r2cpress.com.br\/v1\/wp-json\/wp\/v2\/types\/post"}],"author":[{"embeddable":true,"href":"https:\/\/www.r2cpress.com.br\/v1\/wp-json\/wp\/v2\/users\/2"}],"replies":[{"embeddable":true,"href":"https:\/\/www.r2cpress.com.br\/v1\/wp-json\/wp\/v2\/comments?post=16621"}],"version-history":[{"count":4,"href":"https:\/\/www.r2cpress.com.br\/v1\/wp-json\/wp\/v2\/posts\/16621\/revisions"}],"predecessor-version":[{"id":16626,"href":"https:\/\/www.r2cpress.com.br\/v1\/wp-json\/wp\/v2\/posts\/16621\/revisions\/16626"}],"wp:attachment":[{"href":"https:\/\/www.r2cpress.com.br\/v1\/wp-json\/wp\/v2\/media?parent=16621"}],"wp:term":[{"taxonomy":"category","embeddable":true,"href":"https:\/\/www.r2cpress.com.br\/v1\/wp-json\/wp\/v2\/categories?post=16621"},{"taxonomy":"post_tag","embeddable":true,"href":"https:\/\/www.r2cpress.com.br\/v1\/wp-json\/wp\/v2\/tags?post=16621"}],"curies":[{"name":"wp","href":"https:\/\/api.w.org\/{rel}","templated":true}]}}