{"id":16627,"date":"2011-06-01T18:43:55","date_gmt":"2011-06-01T21:43:55","guid":{"rendered":"http:\/\/www.r2cpress.com.br\/v1\/?p=16627"},"modified":"2011-06-01T18:43:55","modified_gmt":"2011-06-01T21:43:55","slug":"delegacia-de-camacan-recebe-efetivo-de-salvador-apos-prisao-de-delegado-e-agentes","status":"publish","type":"post","link":"https:\/\/www.r2cpress.com.br\/v1\/2011\/06\/01\/delegacia-de-camacan-recebe-efetivo-de-salvador-apos-prisao-de-delegado-e-agentes\/","title":{"rendered":"Delegacia de Camacan recebe efetivo de Salvador ap\u00f3s pris\u00e3o de delegado e agentes"},"content":{"rendered":"<div id=\"detalhamento\">\n<h2>A equipe interina da Delegacia de Camacan est\u00e1 trabalhando em regime de plant\u00e3o de 24 horas<\/h2>\n<p>Ap\u00f3s Opera\u00e7\u00e3o Esfinge, que prendeu o delegado,  investigadores e escriv\u00e3es da delegacia de Camacan, quatro delegados,  quatro escriv\u00e3es e 16 investigadores lotados na 6\u00aa Coordenadoria  Regional de Pol\u00edcia (6\u00aa Coorpin) est\u00e3o atuando desde esta ter\u00e7a-feira  (31) em esquema de revezamento na Delegacia do munic\u00edpio.<\/p>\n<p>De  acordo com a assessoria de imprensa da Pol\u00edcia Civil, a equipe interina  da Delegacia de Camacan est\u00e1 trabalhando em regime de plant\u00e3o de 24  horas, devendo continuar na unidade at\u00e9 a nomea\u00e7\u00e3o do novo delegado  titular e dos novos escriv\u00e3es e investigadores.<\/p>\n<p>Por determina\u00e7\u00e3o  do Depin, os 27 custodiados que estavam na carceragem da Delegacia de  Camacan foram transferidos para os pres\u00eddios regionais de Itabuna e de  Ilh\u00e9us. Tamb\u00e9m j\u00e1 est\u00e3o sendo trazidos para a Corregedoria da Pol\u00edcia  Civil, em Salvador, o delegado Jackson Silva, apontado como um dos  l\u00edderes da quadrilha desmantelada em Camacan. Al\u00e9m dos investigadores  Carlos Jorge Silva G\u00f3es, Cl\u00e9vison Jos\u00e9 Alves Rocha, La\u00edlson Monteiro  Lobo, Paulo C\u00e9sar de Oliveira, Thales Santos Carvalho e Jo\u00e3o Oliveira  Larcher (aposentado) e as escriv\u00e3es Carla Cristina Brito F\u00e9lix e Tatiane  Ribeiro Tanajura.<br \/>\n<!--more--><br \/>\nOs empres\u00e1rios atacadistas, Edvan Ribeiro  Santana, Jos\u00e9 Ivan Ribeiro Santana, e Jos\u00e9 Siqueira Silva, tamb\u00e9m  capturados durante a opera\u00e7\u00e3o, continuam \u00e0 disposi\u00e7\u00e3o da Justi\u00e7a. O  major PM Jos\u00e9 Silv\u00e9rio de Almeida Neto, apontado como o outro l\u00edder do  esquema, o sargento PM Lauro Ant\u00f4nio Oliveira Ferraz, e os soldados PM  L\u00facio Lima Viana e Matheus Ferraz Costa foram apresentados ao  corregedor-geral da Pol\u00edcia Militar, coronel Marconi Calmon do  Nascimento.<\/p>\n<p><strong>Monte Santo<\/strong><br \/>\nAs delegacias dos munic\u00edpios  de Monte Santo e de Cansan\u00e7\u00e3o v\u00e3o contar nos pr\u00f3ximos dias com novos  delegados titulares, j\u00e1 designados pelo Depin para substituir os  delegados Josev\u00e2nio da Rocha Ara\u00fajo e Carlos Roberto Botelho  Vasconcelos, presos no in\u00edcio de abril deste ano por participarem de um  esquema de corrup\u00e7\u00e3o envolvendo extors\u00e3o e repasse de informa\u00e7\u00e3o  privilegiada para traficantes, entre outros delitos.<\/p>\n<p>Desde o afastamento dos antigos titulares, as duas  unidades policiais contam com delegados interinos lotados na 19\u00aa  Coordenadoria Regional de Pol\u00edcia do Interior (19\u00aa Coorpin\/Senhor do  Bonfim), temb\u00e9m trabalhando em regime de plant\u00e3o de 24 horas.<\/p>\n<p>&nbsp;<\/p>\n<p><strong>Reda\u00e7\u00e3o CORREIO DA BAHIA<\/strong><\/p>\n<p>http:\/\/www.correio24horas.com.br\/noticias\/detalhes\/detalhes-1\/artigo\/delegacia-de-camacan-recebe-efetivo-de-salvador-apos-prisao-de-delegado\/<\/p>\n<\/div>\n","protected":false},"excerpt":{"rendered":"<p>A equipe interina da Delegacia de Camacan est\u00e1 trabalhando em regime de plant\u00e3o de 24 horas Ap\u00f3s Opera\u00e7\u00e3o Esfinge, que prendeu o delegado, investigadores e escriv\u00e3es da delegacia de Camacan, quatro delegados, quatro escriv\u00e3es e 16 investigadores lotados na 6\u00aa Coordenadoria Regional de Pol\u00edcia (6\u00aa Coorpin) est\u00e3o atuando desde esta ter\u00e7a-feira (31) em esquema de [&hellip;]<\/p>\n","protected":false},"author":2,"featured_media":0,"comment_status":"open","ping_status":"open","sticky":false,"template":"","format":"standard","meta":{"_links_to":"","_links_to_target":""},"categories":[25],"tags":[],"_links":{"self":[{"href":"https:\/\/www.r2cpress.com.br\/v1\/wp-json\/wp\/v2\/posts\/16627"}],"collection":[{"href":"https:\/\/www.r2cpress.com.br\/v1\/wp-json\/wp\/v2\/posts"}],"about":[{"href":"https:\/\/www.r2cpress.com.br\/v1\/wp-json\/wp\/v2\/types\/post"}],"author":[{"embeddable":true,"href":"https:\/\/www.r2cpress.com.br\/v1\/wp-json\/wp\/v2\/users\/2"}],"replies":[{"embeddable":true,"href":"https:\/\/www.r2cpress.com.br\/v1\/wp-json\/wp\/v2\/comments?post=16627"}],"version-history":[{"count":4,"href":"https:\/\/www.r2cpress.com.br\/v1\/wp-json\/wp\/v2\/posts\/16627\/revisions"}],"predecessor-version":[{"id":16631,"href":"https:\/\/www.r2cpress.com.br\/v1\/wp-json\/wp\/v2\/posts\/16627\/revisions\/16631"}],"wp:attachment":[{"href":"https:\/\/www.r2cpress.com.br\/v1\/wp-json\/wp\/v2\/media?parent=16627"}],"wp:term":[{"taxonomy":"category","embeddable":true,"href":"https:\/\/www.r2cpress.com.br\/v1\/wp-json\/wp\/v2\/categories?post=16627"},{"taxonomy":"post_tag","embeddable":true,"href":"https:\/\/www.r2cpress.com.br\/v1\/wp-json\/wp\/v2\/tags?post=16627"}],"curies":[{"name":"wp","href":"https:\/\/api.w.org\/{rel}","templated":true}]}}