{"id":16644,"date":"2011-06-01T19:17:40","date_gmt":"2011-06-01T22:17:40","guid":{"rendered":"http:\/\/www.r2cpress.com.br\/v1\/?p=16644"},"modified":"2011-06-01T19:17:40","modified_gmt":"2011-06-01T22:17:40","slug":"show-filhos-da-terra","status":"publish","type":"post","link":"https:\/\/www.r2cpress.com.br\/v1\/2011\/06\/01\/show-filhos-da-terra\/","title":{"rendered":"Show Filhos da Terra"},"content":{"rendered":"<p><em>Trata-se de um projeto para a realiza\u00e7\u00e3o de uma apresenta\u00e7\u00e3o , no dia 3 de junho de 2011, com dois irm\u00e3os de fam\u00edlia ilheense, meninos que cresceram e se desenvolveram com saud\u00e1veis brincadeiras nas margens do rio da Sapetinga, e que t\u00eam o interesse de mostrar o que fazem hoje aos amigos da terra, divulgando assim valores art\u00edsticos dessa cidade que continua sendo ber\u00e7o de artistas com reconhecimento internacional. <\/em><\/p>\n<p><em> O evento ser\u00e1 realizado em dois momentos; na abertura uma exposi\u00e7\u00e3o de desenhos feitos por Tiago Hoisel, artista premiado no Brasil e em outros pa\u00edses. Em seguida um show com o cantor e compositor Pedro Hoisel, acompanhado por mais quatro m\u00fasicos da UFBA, que tocar\u00e3o instrumentos como o violino, piano, clarineta, flauta, viol\u00e3o e outros.<\/em><\/p>\n<p><em><!--more--><br \/>\n<\/em><\/p>\n<p><strong><span style=\"text-decoration: underline;\">Tiago Hoisel<\/span><\/strong>, 26 anos, nasceu em Salvador e morou em Ilh\u00e9us dos tr\u00eas aos dezessete anos de idade, quando ingressou na UNEB (Universidade do Estado da Bahia) para cursar Desenho Industrial.<\/p>\n<p>Tiago sempre foi apaixonado por humor e realismo. Como ilustrador, achou nas caricaturas e nos cartuns a oportunidade de misturar suas duas paix\u00f5es. Gra\u00e7as a esse estilo, Tiago vem chamando a aten\u00e7\u00e3o do mercado publicit\u00e1rio e editorial, dentro e fora do Brasil e j\u00e1 produziu ilustra\u00e7\u00f5es para revistas como Veja, Galileu, Playboy, Superinteressante e Mundo Estranho, sendo que uma das capas produzidas para esta revista lhe rendeu o Pr\u00eamio Abril de melhor capa de 2010. Dentre as ag\u00eancias de publicidade j\u00e1 ilustrou campanhas para a Almap, CBGrey de Paris, Leo Burnett do Brasil, Leo Burnett do L\u00edbano, DM9, Neogama entre outras. Algumas dessas ilustra\u00e7\u00f5es publicit\u00e1rias foram selecionadas para serem publicadas na maior revista de publicidade do mundo a \u201cLuerzer&#8217;s Archive\u201d e recentemente foi premiado com a ilustra\u00e7\u00e3o do m\u00eas no renomado portal publicit\u00e1rio \u201cAds of the World\u201d.<\/p>\n<p>Sempre se dedicando ao seu trabalho pessoal de cartuns e caricaturas, Tiago tamb\u00e9m \u00e9 um admirador e participador dos sal\u00f5es de humor tendo recebido diversos pr\u00eamios entre eles o Grande Pr\u00eamio do Sal\u00e3o Internacional de Humor de Piracicaba no ano passado, onde concorreram mais de 1500 trabalhos de artistas de 51 pa\u00edses. Outro trabalho que vale a pena ressaltar foi a homenagem recebida pela participa\u00e7\u00e3o no livro 50 anos de Mauricio de Souza, com um desenho feito especialmente para a ocasi\u00e3o.<\/p>\n<p>Tiago tamb\u00e9m tem uma s\u00e9rie de artigos sobre seu trabalho e entrevistas publicados em diversas revistas e livros internacionais dentre os quais vale destacar o livro \u201cIllustration Now 3 da editora Taschen que exibe uma colet\u00e2nea dos 150 ilustradores mais influentes do mundo na atualidade, e a revista americana \u201cCreative Tempest\u201d, e as revistas russas \u201cFreehugs\u201d e \u201cDesignlenta\u201d.<\/p>\n<p><strong> <\/strong><\/p>\n<p><strong><span style=\"text-decoration: underline;\">Pedro Hoisel<\/span><\/strong> nasceu em Salvador-Ba em junho de 1986 e mudou-se para Ilh\u00e9us antes de completar um ano de idade, onde morou at\u00e9 os 21.<\/p>\n<p>Come\u00e7ou a estudar viol\u00e3o como autodidata aos doze anos e aos dezesseis iniciou suas composi\u00e7\u00f5es. Em 2007 mudou-se para Vit\u00f3ria da Conquista para estudar m\u00fasica com o pianista, regente e mestre em educa\u00e7\u00e3o musical, Marcos Ferreira. Nesse mesmo per\u00edodo estudou viol\u00e3o cl\u00e1ssico com o violonista Petr\u00f4nio Joabe. Em 2008.1, ingressou na Faculdade de M\u00fasica, no curso de composi\u00e7\u00e3o e reg\u00eancia da Universidade Federal da Bahia (UFBA) onde vem ampliando seus conhecimentos na \u00e1rea musical.<\/p>\n<p>Fez algumas participa\u00e7\u00f5es em apresenta\u00e7\u00f5es de outros artistas como Jura\u00edldes da Cruz, Xangai e Flavia Wenceslau. Em agosto de 2009 teve uma composi\u00e7\u00e3o sua executada pela Orquestra Sinf\u00f4nica da UFBA (OSUFBA), sob a reg\u00eancia do compositor e maestro Wellington Gomes; ficou em segundo lugar no FICAN ( Festival Itambacuriense da\u00a0 Can\u00e7\u00e3o) e em primeiro lugar na fase regional do UNIFEST\u00a0 ( Festival Universit\u00e1rio da Bahia).<\/p>\n<p>Seu primeiro show, de nome \u201cCanto Novo\u201d, apresentado pela primeira vez em maio de 2009 no Teatro Municipal de Ilh\u00e9us, teve a casa cheia e foi um sucesso. Est\u00e1 agora trabalhando seu primeiro cd com planos de lan\u00e7amento para 2011.<\/p>\n<p>A suavidade de sua voz junto \u00e0 surpreendente inspira\u00e7\u00e3o de suas can\u00e7\u00f5es sensibiliza e encanta quem ouve esse jovem artista de apenas 24 anos, que vem construindo com talento sua trajet\u00f3ria. \u00c9 mais uma presen\u00e7a de valor surgindo na m\u00fasica popular brasileira.<\/p>\n<p>&nbsp;<\/p>\n<p>&#8212;<\/p>\n<p><strong>Produ\u00e7\u00e3o:<\/strong><\/p>\n<p><strong>In\u00eas Hoisel Ferraz<\/strong><\/p>\n<p><strong>(73)8823-0205 \/ (73)9156-4050<\/strong><\/p>\n<p><strong>Ina_ios@hotmail.com<\/strong><\/p>\n<p>&nbsp;<\/p>\n<p>&nbsp;<\/p>\n<p>&nbsp;<\/p>\n<p>&nbsp;<\/p>\n<p>&nbsp;<\/p>\n<p>&nbsp;<\/p>\n","protected":false},"excerpt":{"rendered":"<p>Trata-se de um projeto para a realiza\u00e7\u00e3o de uma apresenta\u00e7\u00e3o , no dia 3 de junho de 2011, com dois irm\u00e3os de fam\u00edlia ilheense, meninos que cresceram e se desenvolveram com saud\u00e1veis brincadeiras nas margens do rio da Sapetinga, e que t\u00eam o interesse de mostrar o que fazem hoje aos amigos da terra, divulgando [&hellip;]<\/p>\n","protected":false},"author":2,"featured_media":0,"comment_status":"open","ping_status":"open","sticky":false,"template":"","format":"standard","meta":{"_links_to":"","_links_to_target":""},"categories":[5],"tags":[],"_links":{"self":[{"href":"https:\/\/www.r2cpress.com.br\/v1\/wp-json\/wp\/v2\/posts\/16644"}],"collection":[{"href":"https:\/\/www.r2cpress.com.br\/v1\/wp-json\/wp\/v2\/posts"}],"about":[{"href":"https:\/\/www.r2cpress.com.br\/v1\/wp-json\/wp\/v2\/types\/post"}],"author":[{"embeddable":true,"href":"https:\/\/www.r2cpress.com.br\/v1\/wp-json\/wp\/v2\/users\/2"}],"replies":[{"embeddable":true,"href":"https:\/\/www.r2cpress.com.br\/v1\/wp-json\/wp\/v2\/comments?post=16644"}],"version-history":[{"count":3,"href":"https:\/\/www.r2cpress.com.br\/v1\/wp-json\/wp\/v2\/posts\/16644\/revisions"}],"predecessor-version":[{"id":16647,"href":"https:\/\/www.r2cpress.com.br\/v1\/wp-json\/wp\/v2\/posts\/16644\/revisions\/16647"}],"wp:attachment":[{"href":"https:\/\/www.r2cpress.com.br\/v1\/wp-json\/wp\/v2\/media?parent=16644"}],"wp:term":[{"taxonomy":"category","embeddable":true,"href":"https:\/\/www.r2cpress.com.br\/v1\/wp-json\/wp\/v2\/categories?post=16644"},{"taxonomy":"post_tag","embeddable":true,"href":"https:\/\/www.r2cpress.com.br\/v1\/wp-json\/wp\/v2\/tags?post=16644"}],"curies":[{"name":"wp","href":"https:\/\/api.w.org\/{rel}","templated":true}]}}