{"id":16662,"date":"2011-06-01T22:16:55","date_gmt":"2011-06-02T01:16:55","guid":{"rendered":"http:\/\/www.r2cpress.com.br\/v1\/?p=16662"},"modified":"2011-06-01T22:16:55","modified_gmt":"2011-06-02T01:16:55","slug":"jovem-e-preso-por-abusar-sexualmente-e-matar-avo-em-santa-maria-da-vitoria","status":"publish","type":"post","link":"https:\/\/www.r2cpress.com.br\/v1\/2011\/06\/01\/jovem-e-preso-por-abusar-sexualmente-e-matar-avo-em-santa-maria-da-vitoria\/","title":{"rendered":"Jovem \u00e9 preso por abusar sexualmente e matar av\u00f3 em Santa Maria da Vit\u00f3ria"},"content":{"rendered":"<p><strong>Corpo da v\u00edtima foi encontrado sobre uma cama, despido e com sinais de espancamento<\/strong><\/p>\n<p>Ronaldo Paes do Nascimento, 18 anos, est\u00e1 preso na Delegacia Territorial de Santa Maria da Vit\u00f3ria, no oeste da Bahia, acusado de ter violentado e assassinado a facadas a pr\u00f3pria av\u00f3.<\/p>\n<p>Segundo o delegado Jos\u00e9 Ribeiro Lopes, titular de Santa Maria da Vit\u00f3ria, o corpo da v\u00edtima foi encontrado sobre uma cama, despido e com sinais de espancamento. Ronaldo teria dito \u00e0 irm\u00e3 que a av\u00f3 havia ca\u00eddo da cama, mas depois admitiu t\u00ea-la estuprado antes de mat\u00e1-la.<\/p>\n<p><!--more--><\/p>\n<p>A pol\u00edcia investiga ainda a participa\u00e7\u00e3o de um segundo envolvido na morte de Paulina Paes do Nascimento, 72, que tinha defici\u00eancia visual e f\u00edsica. As investiga\u00e7\u00f5es apontam que Ronaldo ingeriu bebida alco\u00f3lica e fez uso de crack em companhia de outro homem que tamb\u00e9m teria violentado Paulina.<\/p>\n<p>Autuado em flagrante, Ronaldo Nascimento ficar\u00e1 custodiado na carceragem da Delegacia Territorial de Santa Maria da Vit\u00f3ria \u00e0 disposi\u00e7\u00e3o da Justi\u00e7a.<\/p>\n<p>&#8212;<br \/>\nReda\u00e7\u00e3o <a href = \"http:\/\/www.correio24horas.com.br\/noticias\/detalhes\/detalhes-1\/artigo\/jovem-e-preso-por-abusar-sexualmente-e-matar-avo-em-santa-maria-da-vitoria\/\" target = \"_news\"><b>CORREIO DA BAHIA<\/b><\/a><\/p>\n","protected":false},"excerpt":{"rendered":"<p>Corpo da v\u00edtima foi encontrado sobre uma cama, despido e com sinais de espancamento Ronaldo Paes do Nascimento, 18 anos, est\u00e1 preso na Delegacia Territorial de Santa Maria da Vit\u00f3ria, no oeste da Bahia, acusado de ter violentado e assassinado a facadas a pr\u00f3pria av\u00f3. Segundo o delegado Jos\u00e9 Ribeiro Lopes, titular de Santa Maria [&hellip;]<\/p>\n","protected":false},"author":2,"featured_media":0,"comment_status":"open","ping_status":"open","sticky":false,"template":"","format":"standard","meta":{"_links_to":"","_links_to_target":""},"categories":[25],"tags":[],"_links":{"self":[{"href":"https:\/\/www.r2cpress.com.br\/v1\/wp-json\/wp\/v2\/posts\/16662"}],"collection":[{"href":"https:\/\/www.r2cpress.com.br\/v1\/wp-json\/wp\/v2\/posts"}],"about":[{"href":"https:\/\/www.r2cpress.com.br\/v1\/wp-json\/wp\/v2\/types\/post"}],"author":[{"embeddable":true,"href":"https:\/\/www.r2cpress.com.br\/v1\/wp-json\/wp\/v2\/users\/2"}],"replies":[{"embeddable":true,"href":"https:\/\/www.r2cpress.com.br\/v1\/wp-json\/wp\/v2\/comments?post=16662"}],"version-history":[{"count":2,"href":"https:\/\/www.r2cpress.com.br\/v1\/wp-json\/wp\/v2\/posts\/16662\/revisions"}],"predecessor-version":[{"id":16664,"href":"https:\/\/www.r2cpress.com.br\/v1\/wp-json\/wp\/v2\/posts\/16662\/revisions\/16664"}],"wp:attachment":[{"href":"https:\/\/www.r2cpress.com.br\/v1\/wp-json\/wp\/v2\/media?parent=16662"}],"wp:term":[{"taxonomy":"category","embeddable":true,"href":"https:\/\/www.r2cpress.com.br\/v1\/wp-json\/wp\/v2\/categories?post=16662"},{"taxonomy":"post_tag","embeddable":true,"href":"https:\/\/www.r2cpress.com.br\/v1\/wp-json\/wp\/v2\/tags?post=16662"}],"curies":[{"name":"wp","href":"https:\/\/api.w.org\/{rel}","templated":true}]}}