{"id":16665,"date":"2011-06-02T08:25:53","date_gmt":"2011-06-02T11:25:53","guid":{"rendered":"http:\/\/www.r2cpress.com.br\/v1\/?p=16665"},"modified":"2011-06-02T08:25:53","modified_gmt":"2011-06-02T11:25:53","slug":"divulgacao-da-festa-do-divino-espirito-santo-padroeiro-do-bairro-hernane-sa","status":"publish","type":"post","link":"https:\/\/www.r2cpress.com.br\/v1\/2011\/06\/02\/divulgacao-da-festa-do-divino-espirito-santo-padroeiro-do-bairro-hernane-sa\/","title":{"rendered":"Divulga\u00e7\u00e3o da Festa do Divino Espirito Santo Padroeiro Do Bairro Hernane S\u00e1"},"content":{"rendered":"<p>De: Alex A. Lima <alexlimaba @hotmail.com><br \/>\nAssunto: <strong>Divulga\u00e7\u00e3o da Festa do Divino Espirito Santo Padroeiro Do Bairro Hernane S\u00e1<\/strong><\/p>\n<p>Corpo da mensagem:<br \/>\nPelo 4\u00b0 ano consecutivo,ir\u00e1 acontecer a Festa do Divino Espirito Santo(padroeiro do Bairro Hernane S\u00e1 em Ilh\u00e9us).Ser\u00e1 do dia 03 ao dia 12 de junho de 2011, com uma programa\u00e7\u00e3o religiosa com novenas todos os dias e, na pra\u00e7a principal do bairro sempre depois das missas,a tradicional Festa de Largo com a presen\u00e7a dos seguintes Art\u00edstas e Bandas:<\/p>\n<p>Bandas: Submarino, Zabumbahia,Via D Acesso, Benner Shou, Xuxu e a Feira, Alana Lima, Luiz Bob e Os Gonzagas, Langery de Patricinha, Ciclone Musical, SGT Elo\u00edzio,S\u00f3 Love, Grupo Tudo A Ver, M\u00e1cio Santos, Um Love A Mais, Nozinho, Banda Soul Beach, Amanda Andrade entre outros.<\/p>\n<p><!--more--><\/p>\n<p>A Festa do Divino Espirito Santo, cujo tema: &#8220;A PALAVRA DE DEUS NA VIDA E NA MISS\u00c3O DA IGREJA&#8221;, nos far\u00e1 refletir melhor durante todos estes dias sobre nossas vidas e tamb\u00e9m sobre a miss\u00e3o de cada um de n\u00f3s junto a igreja.<\/p>\n<p>Esta Festa, que j\u00e1 virou tradi\u00e7\u00e3o no bairro come\u00e7ou no dia 24, com a presen\u00e7a interessante de um Bumba Meu Boi, que sai de frente da igreja, acompanhado de um coral e v\u00e1rios cat\u00f3licos seguindo pelas ruas do bairro pedindo esmolas e cantando hino de louvor ao Divino.<\/p>\n<p>O P\u00e1roco conhecido como Padre Miro \u00e9 o grande Mentor dessa Festa, o mesmo vem desenvolvendo um belo trabalho junto a comunidade do Hernane S\u00e1.<br \/>\nEste ano, este evento, ter\u00e1 um motivo muito especial, que \u00e9 angariar fundos para a Reforma da Casa Paroquial que a mais de uma d\u00e9cada estava abandonada. Motivo pelo qual o PE Miro, formou uma comiss\u00e3o, que foi intitulada como o Grupo dos 12 que cuida especialmente de a\u00e7\u00f5es no bairro entre outros locais a fim de angariar fundos e materias de constru\u00e7\u00e3o para que se possa concluir esta reforma. Muitas pessoas j\u00e1 fizeram algum tipo de doa\u00e7\u00e3o e concerteza o G12 agradece por isso, entre tanto precisa-se de uma boa parte ainda, portanto aqueles que queiram contribuir, basta apenas procurar o G12 na igreja do Divino e, falar com o coordenador Adilsom.<\/p>\n<p>Segundo Alex Lima, uma das pessoas que cuida da Festa de Largo por todos estes anos al\u00e9m de outras coisas que lhe \u00e9 proposto pelo PE, este ano, a Festa do de Largo ser\u00e1 b\u00e9m ecl\u00e9tica, bons m\u00fasicos, boas m\u00fasicas, bingo, estruturas de barracas com deliciosos kitutes,bolos, tortas, mingal, amendoins, milhos, churrasquinhos entre outros. Al\u00e9n de contarmos com a presen\u00e7a da Pol\u00edcia Militar durante todo evento.<\/p>\n<p>Portanto, sentimos o prazer de convidar a todos para que possa fazer parte desta festa que muito promete. Aproveito o momento para agradecer o espa\u00e7o sedido por este meio de comunica\u00e7\u00e3o em especial ao caro amigo Rabat, a Prefeitura Municipal, a Secretaria de Tur\u00edsmo, Secretaria de Servi\u00e7os Urbanos e do Meio Ambiente ao Vice Prefeito M\u00e1rio Alexandre, a Cavalcante da Solar Toldos, vereadores Z\u00e9 Neguinho, Marcos Fl\u00e1vio, Paulo Carqueija e Tarc\u00edzio, al\u00e9n dos comerciantes da pra\u00e7a. Muito obrigado a todos e que Deus os aben\u00e7oe.<\/p>\n<p>&#8212;<br \/>\nEsta mensagem foi enviada atrav\u00e9s do formul\u00e1rio de contato do site R2CPRESS | A Letra Fria da Verdade http:\/\/www.r2cpress.com.br\/v1<br \/>\n<\/alexlimaba><\/p>\n","protected":false},"excerpt":{"rendered":"<p>De: Alex A. Lima Assunto: Divulga\u00e7\u00e3o da Festa do Divino Espirito Santo Padroeiro Do Bairro Hernane S\u00e1 Corpo da mensagem: Pelo 4\u00b0 ano consecutivo,ir\u00e1 acontecer a Festa do Divino Espirito Santo(padroeiro do Bairro Hernane S\u00e1 em Ilh\u00e9us).Ser\u00e1 do dia 03 ao dia 12 de junho de 2011, com uma programa\u00e7\u00e3o religiosa com novenas todos os [&hellip;]<\/p>\n","protected":false},"author":2,"featured_media":0,"comment_status":"open","ping_status":"open","sticky":false,"template":"","format":"standard","meta":{"_links_to":"","_links_to_target":""},"categories":[10],"tags":[],"_links":{"self":[{"href":"https:\/\/www.r2cpress.com.br\/v1\/wp-json\/wp\/v2\/posts\/16665"}],"collection":[{"href":"https:\/\/www.r2cpress.com.br\/v1\/wp-json\/wp\/v2\/posts"}],"about":[{"href":"https:\/\/www.r2cpress.com.br\/v1\/wp-json\/wp\/v2\/types\/post"}],"author":[{"embeddable":true,"href":"https:\/\/www.r2cpress.com.br\/v1\/wp-json\/wp\/v2\/users\/2"}],"replies":[{"embeddable":true,"href":"https:\/\/www.r2cpress.com.br\/v1\/wp-json\/wp\/v2\/comments?post=16665"}],"version-history":[{"count":2,"href":"https:\/\/www.r2cpress.com.br\/v1\/wp-json\/wp\/v2\/posts\/16665\/revisions"}],"predecessor-version":[{"id":16667,"href":"https:\/\/www.r2cpress.com.br\/v1\/wp-json\/wp\/v2\/posts\/16665\/revisions\/16667"}],"wp:attachment":[{"href":"https:\/\/www.r2cpress.com.br\/v1\/wp-json\/wp\/v2\/media?parent=16665"}],"wp:term":[{"taxonomy":"category","embeddable":true,"href":"https:\/\/www.r2cpress.com.br\/v1\/wp-json\/wp\/v2\/categories?post=16665"},{"taxonomy":"post_tag","embeddable":true,"href":"https:\/\/www.r2cpress.com.br\/v1\/wp-json\/wp\/v2\/tags?post=16665"}],"curies":[{"name":"wp","href":"https:\/\/api.w.org\/{rel}","templated":true}]}}