{"id":16671,"date":"2011-06-02T08:31:17","date_gmt":"2011-06-02T11:31:17","guid":{"rendered":"http:\/\/www.r2cpress.com.br\/v1\/?p=16671"},"modified":"2011-06-02T08:31:17","modified_gmt":"2011-06-02T11:31:17","slug":"convite-para-reuniao-ordinaria-do-conselho-de-transportes-de-ilheus","status":"publish","type":"post","link":"https:\/\/www.r2cpress.com.br\/v1\/2011\/06\/02\/convite-para-reuniao-ordinaria-do-conselho-de-transportes-de-ilheus\/","title":{"rendered":"CONVITE PARA REUNI\u00c3O ORDIN\u00c1RIA DO CONSELHO DE TRANSPORTES DE ILH\u00c9US."},"content":{"rendered":"<p><strong> <\/strong>Em cumprimento a solicita\u00e7\u00e3o do senhor presidente do Conselho de  Transportes de Ilh\u00e9us, Boaventura Rodrigues, convido a todos a se  fazerem presentes na reuni\u00e3o ordin\u00e1ria do m\u00eas de junho, no dia 07 de  junho \u00e0s 17:ooh, no centro administrativo da prefeitura, localizado a  Avenida Itabuna 2.222, pr\u00f3ximo a Rodovi\u00e1ria.<\/p>\n<div>Lembramos a todos que no mesmo dia,\u00a0pela manh\u00e3 \u00e0s nove horas no  Pal\u00e1cio Paranagu\u00e1 sede do governo municipal, ser\u00e1 realizada reuni\u00e3o da  secretaria de educa\u00e7\u00e3o para discutir a situa\u00e7\u00e3o dos transportes  escolares do munic\u00edpio, cujo convite foi enviado pelo presidente  anteriormente, contamos com a presen\u00e7a de todos, pois foi realizada uma  vistoria nos \u00f4nibus de transporte escolar, que servem ao munic\u00edpio, com a  presen\u00e7a de alguns conselheiros e mebros do governo\u00a0( Boinha, Nelson,  Carlinhos da Van, Joca e\u00a0Marcelo da Setrans) \u00a0e o presidente da comiss\u00e3o  de transportes da\u00a0c\u00e2mara &#8211; vereador Alzim\u00e1rio Belmont &#8211; \u00a0e deve ser  assunto da referida reuni\u00e3o.<\/div>\n<div><\/div>\n<div>Como pauta para a reuni\u00e3o do ordin\u00e1ria do COMUTRANS sugiro:<\/div>\n<div><!--more--><\/div>\n<ol>\n<li>Cria\u00e7\u00e3o de agenda de visistas \u00e0s escolas, estaduais e municipais para verificar \u00e0s condi\u00e7\u00f5es do transporte escolar<em> in loco <\/em>( sugest\u00e3o do conselheiro Pascoal).<\/li>\n<li>Cria\u00e7\u00e3o do Plano Anual de Atividades do Conselho &#8211; Fiscaliza\u00e7\u00e3o aos  TRANSPORTES &#8211; escolar; coletivo; t\u00e1xis; turismo; mar\u00edtimo; lota\u00e7\u00e3o;  pequenas cargas; moto entrega; moto t\u00e1xi; moto frete; moto vigia etc.<\/li>\n<li>Participa\u00e7\u00e3o na segunda vistoria dos \u00f4nibus da ST Transportes,  aprovados, com ressalvas, na vistoria anterior e que sofrer\u00e1 nova  vistoria com data a ser marcada pela SETRANS &#8211; n\u00e3o superior a 15 dias da  anterior.<\/li>\n<li>Cobran\u00e7a das autoridades competentes de marco legal dos transportes,  ainda sem, para que se possa fiscalizar e mensurar sua qualidade e  efici\u00eancia.<\/li>\n<li>Discus\u00e3o do contrato de conce\u00e7\u00e3o de &#8220;gratuidades&#8221; nos transportes p\u00fablicos sob a luz do decreto que a criou,<strong> levarei c\u00f3pias<\/strong>.<\/li>\n<li>Discuss\u00e3o de gratuidade a 100% para estudantes com a consequente retirada das gratuidades ilegais existentes,<\/li>\n<li>Vistoria,pelo conselho, dos transportes p\u00fablicos;<\/li>\n<li>Discuss\u00e3o do Plano Municipal de Mobilidade Urbana, para tentar solucionar os problemas de mobilidade e transportes;<\/li>\n<li>Discuss\u00e3o do Plano Municipal de Redu\u00e7\u00e3o de Mortes e Acidentes no Tr\u00e2nsito;<\/li>\n<li>Discuss\u00e3o de Legisla\u00e7\u00e3o para tratamento de P\u00f3los Geradores de Tr\u00e1fego;<\/li>\n<li>Cria\u00e7\u00e3o de C\u00e2maras tem\u00e1ticas espec\u00edficas para discuss\u00e3o de alguns  \u00edtens acima, inclusive com a participa\u00e7\u00e3o de outros atores sociais e  conselhos a exemplo de minist\u00e9rio p\u00fablico, c\u00e2mara de vereadores,  conselho das cidades, do meio ambiente etc.<\/li>\n<li>Discuss\u00e3o sobre a evas\u00e3o dos membros do COMUTRANS, por mudan\u00e7a ou desist\u00eancia &#8211; ver penalidades.<\/li>\n<li>O que ocorrer.<\/li>\n<\/ol>\n<p>Pe\u00e7o a todos que d\u00eaem suas sugest\u00f5es de pauta para enriquecerem o debate.<\/p>\n<p>Cordiais Sauda\u00e7\u00f5es.<\/p>\n<p>Val\u00e9rio Bomfim<br \/>\nSecret\u00e1rio.<\/p>\n","protected":false},"excerpt":{"rendered":"<p>Em cumprimento a solicita\u00e7\u00e3o do senhor presidente do Conselho de Transportes de Ilh\u00e9us, Boaventura Rodrigues, convido a todos a se fazerem presentes na reuni\u00e3o ordin\u00e1ria do m\u00eas de junho, no dia 07 de junho \u00e0s 17:ooh, no centro administrativo da prefeitura, localizado a Avenida Itabuna 2.222, pr\u00f3ximo a Rodovi\u00e1ria. Lembramos a todos que no mesmo [&hellip;]<\/p>\n","protected":false},"author":2,"featured_media":0,"comment_status":"open","ping_status":"open","sticky":false,"template":"","format":"standard","meta":{"_links_to":"","_links_to_target":""},"categories":[25],"tags":[],"_links":{"self":[{"href":"https:\/\/www.r2cpress.com.br\/v1\/wp-json\/wp\/v2\/posts\/16671"}],"collection":[{"href":"https:\/\/www.r2cpress.com.br\/v1\/wp-json\/wp\/v2\/posts"}],"about":[{"href":"https:\/\/www.r2cpress.com.br\/v1\/wp-json\/wp\/v2\/types\/post"}],"author":[{"embeddable":true,"href":"https:\/\/www.r2cpress.com.br\/v1\/wp-json\/wp\/v2\/users\/2"}],"replies":[{"embeddable":true,"href":"https:\/\/www.r2cpress.com.br\/v1\/wp-json\/wp\/v2\/comments?post=16671"}],"version-history":[{"count":3,"href":"https:\/\/www.r2cpress.com.br\/v1\/wp-json\/wp\/v2\/posts\/16671\/revisions"}],"predecessor-version":[{"id":16674,"href":"https:\/\/www.r2cpress.com.br\/v1\/wp-json\/wp\/v2\/posts\/16671\/revisions\/16674"}],"wp:attachment":[{"href":"https:\/\/www.r2cpress.com.br\/v1\/wp-json\/wp\/v2\/media?parent=16671"}],"wp:term":[{"taxonomy":"category","embeddable":true,"href":"https:\/\/www.r2cpress.com.br\/v1\/wp-json\/wp\/v2\/categories?post=16671"},{"taxonomy":"post_tag","embeddable":true,"href":"https:\/\/www.r2cpress.com.br\/v1\/wp-json\/wp\/v2\/tags?post=16671"}],"curies":[{"name":"wp","href":"https:\/\/api.w.org\/{rel}","templated":true}]}}