{"id":16678,"date":"2011-06-02T08:53:57","date_gmt":"2011-06-02T11:53:57","guid":{"rendered":"http:\/\/www.r2cpress.com.br\/v1\/?p=16678"},"modified":"2011-06-02T08:53:57","modified_gmt":"2011-06-02T11:53:57","slug":"presos-na-operacao-esfinge-ja-estao-em-salvador","status":"publish","type":"post","link":"https:\/\/www.r2cpress.com.br\/v1\/2011\/06\/02\/presos-na-operacao-esfinge-ja-estao-em-salvador\/","title":{"rendered":"Presos na Opera\u00e7\u00e3o Esfinge j\u00e1 est\u00e3o em Salvador"},"content":{"rendered":"<p><strong><br \/>\nOs policiais civis est\u00e3o detidos na Corregedoria da Pol\u00edcia Civil.<br \/>\nPM&#8217;s foram levados para o Batalh\u00e3o de Choque, em Lauro de Freitas.<\/strong><\/p>\n<p>J\u00e1 est\u00e3o na Corregedoria da Pol\u00edcia Civil de Salvador, o delegado e outros oito policiais civis de Camac\u00e3, no sul da Bahia, presos na \u00faltima ter\u00e7a-feira (31). Os policiais s\u00e3o suspeitos de fazer parte de uma quadrilha que praticava assassinatos, extors\u00e3o e recepta\u00e7\u00e3o de carga roubada, entre outros crimes.<\/p>\n<p>Tamb\u00e9m est\u00e3o presos no interior do estado o Comandante da Companhia da Pol\u00edcia Militar de Camac\u00e3, outros tr\u00eas PMs e tr\u00eas empres\u00e1rios.<\/p>\n<p>Os policiais civis que estavam detidos no munic\u00edpio de Itabuna e chegaram \u00e0 Corregedoria da Pol\u00edcia, em Salvador, no fim da tarde de quarta-feira (1\u00ba). Os presos, que n\u00e3o quiseram falar com a imprensa, cobriram os rostos, sendo cercados pelos advogados.<\/p>\n<p><!--more--><\/p>\n<p>A PM informou que vai investigar todas as den\u00fancias. Os quatro policiais militares detidos foram levados para o Batalh\u00e3o de Choque da PM, em Lauro de Freitas. Os empres\u00e1rios est\u00e3o presos na delegacia de Ilh\u00e9us.<\/p>\n<p><strong>Homic\u00eddio<\/strong><\/p>\n<p>A pol\u00edcia busca ind\u00edcios do envolvimento da quadrilha na morte de K\u00e1tia Cristina Lima, de 31 anos, em dezembro de 2010. Ela foi assassinada com dois tiros na porta de uma igreja, em Camac\u00e3.<\/p>\n<p>K\u00e1tia era casada com um dos empres\u00e1rios presos na a\u00e7\u00e3o desta ter\u00e7a-feira (31), e teria provas do envolvimento do marido com o crime organizado.<\/p>\n<p>A cidade de Camac\u00e3, a 550 km de Salvador, \u00e9 uma das principais produtoras de cacau da Bahia. Parte da popula\u00e7\u00e3o de 35 mil habitantes ficou assustada com as pris\u00f5es de pessoas importantes na comunidade.<\/p>\n<p>A pris\u00e3o foi resultado de investiga\u00e7\u00f5es que come\u00e7aram h\u00e1 quase um ano. No total foram expedidos pela Justi\u00e7a 21 mandados.<\/p>\n<p>&#8212;<br \/>\nDo <a href = \"http:\/\/g1.globo.com\/bahia\/noticia\/2011\/06\/presos-na-operacao-esfinge-ja-estao-em-salvador.html\" target = \"_news\"><b>G1 BA<\/b><\/a>, com informa\u00e7\u00f5es da TV BA<\/p>\n","protected":false},"excerpt":{"rendered":"<p>Os policiais civis est\u00e3o detidos na Corregedoria da Pol\u00edcia Civil. PM&#8217;s foram levados para o Batalh\u00e3o de Choque, em Lauro de Freitas. J\u00e1 est\u00e3o na Corregedoria da Pol\u00edcia Civil de Salvador, o delegado e outros oito policiais civis de Camac\u00e3, no sul da Bahia, presos na \u00faltima ter\u00e7a-feira (31). Os policiais s\u00e3o suspeitos de fazer [&hellip;]<\/p>\n","protected":false},"author":2,"featured_media":0,"comment_status":"open","ping_status":"open","sticky":false,"template":"","format":"standard","meta":{"_links_to":"","_links_to_target":""},"categories":[25],"tags":[],"_links":{"self":[{"href":"https:\/\/www.r2cpress.com.br\/v1\/wp-json\/wp\/v2\/posts\/16678"}],"collection":[{"href":"https:\/\/www.r2cpress.com.br\/v1\/wp-json\/wp\/v2\/posts"}],"about":[{"href":"https:\/\/www.r2cpress.com.br\/v1\/wp-json\/wp\/v2\/types\/post"}],"author":[{"embeddable":true,"href":"https:\/\/www.r2cpress.com.br\/v1\/wp-json\/wp\/v2\/users\/2"}],"replies":[{"embeddable":true,"href":"https:\/\/www.r2cpress.com.br\/v1\/wp-json\/wp\/v2\/comments?post=16678"}],"version-history":[{"count":3,"href":"https:\/\/www.r2cpress.com.br\/v1\/wp-json\/wp\/v2\/posts\/16678\/revisions"}],"predecessor-version":[{"id":16681,"href":"https:\/\/www.r2cpress.com.br\/v1\/wp-json\/wp\/v2\/posts\/16678\/revisions\/16681"}],"wp:attachment":[{"href":"https:\/\/www.r2cpress.com.br\/v1\/wp-json\/wp\/v2\/media?parent=16678"}],"wp:term":[{"taxonomy":"category","embeddable":true,"href":"https:\/\/www.r2cpress.com.br\/v1\/wp-json\/wp\/v2\/categories?post=16678"},{"taxonomy":"post_tag","embeddable":true,"href":"https:\/\/www.r2cpress.com.br\/v1\/wp-json\/wp\/v2\/tags?post=16678"}],"curies":[{"name":"wp","href":"https:\/\/api.w.org\/{rel}","templated":true}]}}