{"id":16694,"date":"2011-06-02T09:57:35","date_gmt":"2011-06-02T12:57:35","guid":{"rendered":"http:\/\/www.r2cpress.com.br\/v1\/?p=16694"},"modified":"2011-06-02T09:57:35","modified_gmt":"2011-06-02T12:57:35","slug":"alfredo-amorim-da-silveira-em-10taques-13","status":"publish","type":"post","link":"https:\/\/www.r2cpress.com.br\/v1\/2011\/06\/02\/alfredo-amorim-da-silveira-em-10taques-13\/","title":{"rendered":"Alfredo Amorim da Silveira em &#8220;10TAQUES&#8221;."},"content":{"rendered":"<p><center><strong>Nero Devasso<\/strong><\/center><br \/>\n<div id=\"attachment_16695\" style=\"width: 225px\" class=\"wp-caption aligncenter\"><a href=\"http:\/\/www.r2cpress.com.br\/v1\/wp-content\/uploads\/GUERRINHA2.jpg\"><img aria-describedby=\"caption-attachment-16695\" loading=\"lazy\" src=\"http:\/\/www.r2cpress.com.br\/v1\/wp-content\/uploads\/GUERRINHA2-215x300.jpg\" alt=\"\" title=\"GUERRINHA2\" width=\"215\" height=\"300\" class=\"size-medium wp-image-16695\" srcset=\"https:\/\/www.r2cpress.com.br\/v1\/wp-content\/uploads\/GUERRINHA2-215x300.jpg 215w, https:\/\/www.r2cpress.com.br\/v1\/wp-content\/uploads\/GUERRINHA2.jpg 250w\" sizes=\"(max-width: 215px) 100vw, 215px\" \/><\/a><p id=\"caption-attachment-16695\" class=\"wp-caption-text\">Rubens de Souza Guerra (GUERRINHA).<\/p><\/div><\/p>\n<p>\t<img ALIGN = \"LEFT\" SRC = \"http:\/\/www.r2cpress.com.br\/v1\/wp-content\/uploads\/alfredo-amorim-nova.jpg\"\/>N\u00e3o se sabe quando nasceu, mas com certeza nunca morrer\u00e1, pois estar\u00e1 sempre vivo na mem\u00f3ria de todos aqueles que o conheceram e o acompanharam em sua trajet\u00f3ria carnavalesca no \u201cReino dos Ilh\u00e9us\u201d.<\/p>\n<p>Hil\u00e1rio, irreverente, animava h\u00e1 todos por onde passava, tanto no carnaval de Ilh\u00e9us como na puxada do Mastro de S\u00e3o Sebasti\u00e3o, em Oliven\u00e7a, onde encenava a Puxada do Pau de Guerrinha. Em sua homenagem foram compostas v\u00e1rias letras de m\u00fasicas por seus amigos, ao ritmo de m\u00fasicas como:<i> DEBOCHE, ROQUE SANTEIRO, EU SOU O CARNAVAL, ASSIM PINTOU MO\u00c7AMBIQUE, POMBO CORREIO, FUSC\u00c3O PRETO, PECADO RASGADO E \u00cdNDIO QUER APITO.<\/i> M\u00fasicas estas que por seu grande teor sentimental e tamb\u00e9m por terem passado pelo departamento de censura das cidades de Sodoma e Gomorra n\u00e3o vou poder public\u00e1-las aqui.<\/p>\n<p>Agora o tal do Rubens de Souza Guerra, o Guerrinha, como era conhecido, este nasceu em Itaju\u00edpe em 8 de outubro de 1933 tendo como pais Al\u00edpio de Souza Guerra e Alzira   Ferreira Guerra. Era irm\u00e3o de M\u00aa. Madalena Guerra Pinilos casada com Leandro Benevides Pinilos, Adi Guerra Silveira casada com Abel Figueira Silveira, M\u00aa. Suzana Guerra Silveira casada com Claudio Fausto Silveira, Gersonita Guerra Lima casada com Jos\u00e9 da Mota Lima, M\u00aa. Jurema Guerra Cunha casada com A\u00e9cio Souza Cunha, Jos\u00e9 Vald\u00e9lio Souza Guerra, Al\u00edpio Guerra Filho e Gerson de Souza Guerra<\/p>\n<p><!--more--><\/p>\n<p>Ainda solteiro e jovem, em um relacionamento com Ednalva Almeida Menezes teve uma filha, Rubinalva. J\u00e1 adulto casou-se com Francisca Freitas Guerra, que era conhecida por Iracema, com quem teve um \u00fanico filho, o Pr\u00edncipe, assim chamado por ele, Al\u00edpio de Souza Guerra Neto.<\/p>\n<p>Presidente do Colo Colo de Futebol e Regatas no per\u00edodo de 1974 a 1992, membro da Escola de Samba Vermelho e Branco, onde em todos os carnavais desfilava.<\/p>\n<p>Guerrinha foi sempre muito gozador, tirando sarro de tudo e de todos. Tinha um grande amigo, o Mofo, seu cachorro de estima\u00e7\u00e3o que era tamb\u00e9m uma figura, sempre que chegava algu\u00e9m em sua casa Guerrinha ia atender a porta e Mofo ia junto, de sacanagem Guerrinha olhava pra Mofo e lhe dizia que era um cobrador, Mofo fundava dentro da pessoa, tamb\u00e9m quando saia com ele para passear na avenida, parava na pista da Avenida Soares Lopes e lhe dizia que podia atravessar, s\u00f3 assim Mofo atravessava.<\/p>\n<p>Certa vez, em uma das grandes micaretas de uma certa cidade que n\u00e3o posso contar o nome, b\u00eabado as quedas, bradou em cima da mesa de uma cabana, que naquela cidade s\u00f3 tinha cor&#8230;,  inclusive o del&#8230; que era seu primo. Seus amigos tiveram que sair correndo, carregando Guerrinha para n\u00e3o serem presos. Outra vez, num dos grandes carnavais de Ilh\u00e9us, sua Kombi (A Cristaleira) pegou fogo em plena Avenida Soares Lopes e ele l\u00e1 a deixou e continuou a comemorar o seu carnaval.<\/p>\n<p>Guerrinha foi um dos primeiros a trabalhar com o transporte de vans em Ilh\u00e9us. <\/p>\n<p>Faleceu em 15 de maio de 1989 com 56 anos de idade.  Seu corpo foi sepultado no cemit\u00e9rio da Vit\u00f3ria.<\/p>\n","protected":false},"excerpt":{"rendered":"<p>Nero Devasso N\u00e3o se sabe quando nasceu, mas com certeza nunca morrer\u00e1, pois estar\u00e1 sempre vivo na mem\u00f3ria de todos aqueles que o conheceram e o acompanharam em sua trajet\u00f3ria carnavalesca no \u201cReino dos Ilh\u00e9us\u201d. Hil\u00e1rio, irreverente, animava h\u00e1 todos por onde passava, tanto no carnaval de Ilh\u00e9us como na puxada do Mastro de S\u00e3o [&hellip;]<\/p>\n","protected":false},"author":2,"featured_media":0,"comment_status":"open","ping_status":"open","sticky":false,"template":"","format":"standard","meta":{"_links_to":"","_links_to_target":""},"categories":[10],"tags":[],"_links":{"self":[{"href":"https:\/\/www.r2cpress.com.br\/v1\/wp-json\/wp\/v2\/posts\/16694"}],"collection":[{"href":"https:\/\/www.r2cpress.com.br\/v1\/wp-json\/wp\/v2\/posts"}],"about":[{"href":"https:\/\/www.r2cpress.com.br\/v1\/wp-json\/wp\/v2\/types\/post"}],"author":[{"embeddable":true,"href":"https:\/\/www.r2cpress.com.br\/v1\/wp-json\/wp\/v2\/users\/2"}],"replies":[{"embeddable":true,"href":"https:\/\/www.r2cpress.com.br\/v1\/wp-json\/wp\/v2\/comments?post=16694"}],"version-history":[{"count":5,"href":"https:\/\/www.r2cpress.com.br\/v1\/wp-json\/wp\/v2\/posts\/16694\/revisions"}],"predecessor-version":[{"id":16700,"href":"https:\/\/www.r2cpress.com.br\/v1\/wp-json\/wp\/v2\/posts\/16694\/revisions\/16700"}],"wp:attachment":[{"href":"https:\/\/www.r2cpress.com.br\/v1\/wp-json\/wp\/v2\/media?parent=16694"}],"wp:term":[{"taxonomy":"category","embeddable":true,"href":"https:\/\/www.r2cpress.com.br\/v1\/wp-json\/wp\/v2\/categories?post=16694"},{"taxonomy":"post_tag","embeddable":true,"href":"https:\/\/www.r2cpress.com.br\/v1\/wp-json\/wp\/v2\/tags?post=16694"}],"curies":[{"name":"wp","href":"https:\/\/api.w.org\/{rel}","templated":true}]}}