{"id":16711,"date":"2011-06-02T14:46:17","date_gmt":"2011-06-02T17:46:17","guid":{"rendered":"http:\/\/www.r2cpress.com.br\/v1\/?p=16711"},"modified":"2011-06-02T14:46:17","modified_gmt":"2011-06-02T17:46:17","slug":"semaforo-da-pca-cairu-urgente","status":"publish","type":"post","link":"https:\/\/www.r2cpress.com.br\/v1\/2011\/06\/02\/semaforo-da-pca-cairu-urgente\/","title":{"rendered":"SEM\u00c1FORO DA P\u00c7A CAIRU &#8211; ( URGENTE )"},"content":{"rendered":"<p>De: Antonio Jorge <antoniojorgecs @hotmail.com><br \/>\nAssunto: <strong>SEMAFORO DA P\u00c7A CAIRU &#8211; ( URGENTE )<\/strong><\/p>\n<p>Corpo da mensagem:<br \/>\nUm absurdo, j\u00e1 faz mais de 15 dias que o sem\u00e1foro da pra\u00e7a cairu esta quebrado e nada se faz. O perigo \u00e9 muito grande para pedestres e tamb\u00e9m risco de colis\u00e3o entre ve\u00edculos. Pois, milhares de pessoas que desembarcam no terminal de \u00f4nibus em dire\u00e7\u00e3o ao comercio e vice-versa, tende a passar pelo tal sem\u00e1foro. Repito, &#8220;O PERIGO \u00c9 MUITO GRANDE.&#8221;<br \/>\nSe pelo menos um agente de transito fosse para o local, organizar o transito, com certeza a popula\u00e7\u00e3o agradeceria.<\/p>\n<p>&#8212;<br \/>\nEsta mensagem foi enviada atrav\u00e9s do formul\u00e1rio de contato do site R2CPRESS | A Letra Fria da Verdade http:\/\/www.r2cpress.com.br\/v1<\/antoniojorgecs><\/p>\n","protected":false},"excerpt":{"rendered":"<p>De: Antonio Jorge Assunto: SEMAFORO DA P\u00c7A CAIRU &#8211; ( URGENTE ) Corpo da mensagem: Um absurdo, j\u00e1 faz mais de 15 dias que o sem\u00e1foro da pra\u00e7a cairu esta quebrado e nada se faz. O perigo \u00e9 muito grande para pedestres e tamb\u00e9m risco de colis\u00e3o entre ve\u00edculos. Pois, milhares de pessoas que desembarcam [&hellip;]<\/p>\n","protected":false},"author":2,"featured_media":0,"comment_status":"open","ping_status":"open","sticky":false,"template":"","format":"standard","meta":{"_links_to":"","_links_to_target":""},"categories":[10],"tags":[],"_links":{"self":[{"href":"https:\/\/www.r2cpress.com.br\/v1\/wp-json\/wp\/v2\/posts\/16711"}],"collection":[{"href":"https:\/\/www.r2cpress.com.br\/v1\/wp-json\/wp\/v2\/posts"}],"about":[{"href":"https:\/\/www.r2cpress.com.br\/v1\/wp-json\/wp\/v2\/types\/post"}],"author":[{"embeddable":true,"href":"https:\/\/www.r2cpress.com.br\/v1\/wp-json\/wp\/v2\/users\/2"}],"replies":[{"embeddable":true,"href":"https:\/\/www.r2cpress.com.br\/v1\/wp-json\/wp\/v2\/comments?post=16711"}],"version-history":[{"count":2,"href":"https:\/\/www.r2cpress.com.br\/v1\/wp-json\/wp\/v2\/posts\/16711\/revisions"}],"predecessor-version":[{"id":16713,"href":"https:\/\/www.r2cpress.com.br\/v1\/wp-json\/wp\/v2\/posts\/16711\/revisions\/16713"}],"wp:attachment":[{"href":"https:\/\/www.r2cpress.com.br\/v1\/wp-json\/wp\/v2\/media?parent=16711"}],"wp:term":[{"taxonomy":"category","embeddable":true,"href":"https:\/\/www.r2cpress.com.br\/v1\/wp-json\/wp\/v2\/categories?post=16711"},{"taxonomy":"post_tag","embeddable":true,"href":"https:\/\/www.r2cpress.com.br\/v1\/wp-json\/wp\/v2\/tags?post=16711"}],"curies":[{"name":"wp","href":"https:\/\/api.w.org\/{rel}","templated":true}]}}