{"id":16714,"date":"2011-06-02T16:49:31","date_gmt":"2011-06-02T19:49:31","guid":{"rendered":"http:\/\/www.r2cpress.com.br\/v1\/?p=16714"},"modified":"2011-06-02T16:49:31","modified_gmt":"2011-06-02T19:49:31","slug":"acoes-da-semana-do-meio-ambiente-nas-comunidades-de-ilheus","status":"publish","type":"post","link":"https:\/\/www.r2cpress.com.br\/v1\/2011\/06\/02\/acoes-da-semana-do-meio-ambiente-nas-comunidades-de-ilheus\/","title":{"rendered":"A\u00e7\u00f5es da Semana do Meio Ambiente nas comunidades de Ilh\u00e9us"},"content":{"rendered":"<p>A Bahia Minera\u00e7\u00e3o preparou uma s\u00e9rie de atividades para comemorar a Semana do Meio Ambiente, que incluem cursos e palestras em um estande que funcionar\u00e1 de 6 a 10 de junho, na Pra\u00e7a J.J. Seabra, e a\u00e7\u00f5es de educa\u00e7\u00e3o ambiental nas comunidades de Aritagu\u00e1, Lagoa Encantada e Sambaituba.<\/p>\n<p>Confira:<\/p>\n<p><strong>ARITAGU\u00c1 \u2013 03\/06 (sexta-feira):<\/strong><\/p>\n<p>&#8211; 13h30min \u2013 Apresenta\u00e7\u00e3o de Teatro (\u201cJogos Florestais\u201d), com o Grupo Teka Teatro<\/p>\n<p>&#8211; 15 horas \u2013 Caminhada Ecol\u00f3gica com mutir\u00e3o de limpeza, distribui\u00e7\u00e3o\/plantio de mudas, limpeza e melhorias na pra\u00e7a p\u00fablica.<\/p>\n<p><strong>LAGOA ENCANTADA \u2013 04\/06 (s\u00e1bado):<\/strong><\/p>\n<p>A partir das 9 horas &#8211; Apresenta\u00e7\u00e3o de Teatro (\u201cJogos Florestais\u201d), com o Grupo Teka Teatro; Caminhada Ecol\u00f3gica com mutir\u00e3o de limpeza, distribui\u00e7\u00e3o\/plantio de mudas; Entrega de certificados para os participantes do curso de Monitores Ambientais Mirins; Trilha Ecol\u00f3gica.<\/p>\n<p><strong>SAMBAITUBA \u2013 05\/06 (domingo):<\/strong><\/p>\n<p>A partir das 9 horas &#8211; Apresenta\u00e7\u00e3o de Teatro (\u201cJogos Florestais\u201d), com o Grupo Teka Teatro; Caminhada Ecol\u00f3gica com mutir\u00e3o de limpeza, distribui\u00e7\u00e3o\/plantio de mudas.<\/p>\n","protected":false},"excerpt":{"rendered":"<p>A Bahia Minera\u00e7\u00e3o preparou uma s\u00e9rie de atividades para comemorar a Semana do Meio Ambiente, que incluem cursos e palestras em um estande que funcionar\u00e1 de 6 a 10 de junho, na Pra\u00e7a J.J. Seabra, e a\u00e7\u00f5es de educa\u00e7\u00e3o ambiental nas comunidades de Aritagu\u00e1, Lagoa Encantada e Sambaituba. Confira: ARITAGU\u00c1 \u2013 03\/06 (sexta-feira): &#8211; 13h30min [&hellip;]<\/p>\n","protected":false},"author":2,"featured_media":0,"comment_status":"open","ping_status":"open","sticky":false,"template":"","format":"standard","meta":{"_links_to":"","_links_to_target":""},"categories":[6],"tags":[],"_links":{"self":[{"href":"https:\/\/www.r2cpress.com.br\/v1\/wp-json\/wp\/v2\/posts\/16714"}],"collection":[{"href":"https:\/\/www.r2cpress.com.br\/v1\/wp-json\/wp\/v2\/posts"}],"about":[{"href":"https:\/\/www.r2cpress.com.br\/v1\/wp-json\/wp\/v2\/types\/post"}],"author":[{"embeddable":true,"href":"https:\/\/www.r2cpress.com.br\/v1\/wp-json\/wp\/v2\/users\/2"}],"replies":[{"embeddable":true,"href":"https:\/\/www.r2cpress.com.br\/v1\/wp-json\/wp\/v2\/comments?post=16714"}],"version-history":[{"count":2,"href":"https:\/\/www.r2cpress.com.br\/v1\/wp-json\/wp\/v2\/posts\/16714\/revisions"}],"predecessor-version":[{"id":16716,"href":"https:\/\/www.r2cpress.com.br\/v1\/wp-json\/wp\/v2\/posts\/16714\/revisions\/16716"}],"wp:attachment":[{"href":"https:\/\/www.r2cpress.com.br\/v1\/wp-json\/wp\/v2\/media?parent=16714"}],"wp:term":[{"taxonomy":"category","embeddable":true,"href":"https:\/\/www.r2cpress.com.br\/v1\/wp-json\/wp\/v2\/categories?post=16714"},{"taxonomy":"post_tag","embeddable":true,"href":"https:\/\/www.r2cpress.com.br\/v1\/wp-json\/wp\/v2\/tags?post=16714"}],"curies":[{"name":"wp","href":"https:\/\/api.w.org\/{rel}","templated":true}]}}