{"id":16724,"date":"2011-06-02T17:34:27","date_gmt":"2011-06-02T20:34:27","guid":{"rendered":"http:\/\/www.r2cpress.com.br\/v1\/?p=16724"},"modified":"2011-06-02T17:34:27","modified_gmt":"2011-06-02T20:34:27","slug":"zambumbaia-e-quadrilha-junina-esquentaram-o-arraia-da-cdl-%e2%80%9cilheus-para-todos%e2%80%9d","status":"publish","type":"post","link":"https:\/\/www.r2cpress.com.br\/v1\/2011\/06\/02\/zambumbaia-e-quadrilha-junina-esquentaram-o-arraia-da-cdl-%e2%80%9cilheus-para-todos%e2%80%9d\/","title":{"rendered":"ZAMBUMBA\u00cdA E QUADRILHA JUNINA ESQUENTARAM O ARRAI\u00c1 DA CDL \u201cILH\u00c9US PARA TODOS\u201d"},"content":{"rendered":"<p><strong><\/strong><\/p>\n<div id=\"attachment_16725\" style=\"width: 310px\" class=\"wp-caption alignleft\"><a href=\"http:\/\/www.r2cpress.com.br\/v1\/wp-content\/uploads\/MONT-CAPA-SITE76.jpg\"><img aria-describedby=\"caption-attachment-16725\" loading=\"lazy\" class=\"size-medium wp-image-16725\" title=\"MONT CAPA SITE\" src=\"http:\/\/www.r2cpress.com.br\/v1\/wp-content\/uploads\/MONT-CAPA-SITE76-300x145.jpg\" alt=\"\" width=\"300\" height=\"145\" srcset=\"https:\/\/www.r2cpress.com.br\/v1\/wp-content\/uploads\/MONT-CAPA-SITE76-300x145.jpg 300w, https:\/\/www.r2cpress.com.br\/v1\/wp-content\/uploads\/MONT-CAPA-SITE76.jpg 680w\" sizes=\"(max-width: 300px) 100vw, 300px\" \/><\/a><p id=\"caption-attachment-16725\" class=\"wp-caption-text\">Clique para AMPLIAR.<\/p><\/div>\n<p>A abertura do Arrai\u00e1 <em>\u201cIlh\u00e9us para todos\u201d<\/em> da C\u00e2mara dos Dirigentes Lojistas deixou a pra\u00e7a J.J Seabra, no Centro da cidade, em clima de S\u00e3o Jo\u00e3o. Bandeirolas, barraquinhas e enfeites deram o \u201ctom\u201d caipira \u00e0 festa.<\/p>\n<p>&nbsp;<\/p>\n<p>Os visitantes puderam degustar deliciosos licores e comer amendoim que eram oferecidos &#8211; de gra\u00e7a &#8211; na barraquinha da CDL e ainda comprar produtos artesanais feitos pela Associa\u00e7\u00e3o de Bordadeiras e Artes\u00e3s, licores de v\u00e1rios sabores, pamonhas e outras del\u00edcias juninas que eram vendidos nas barracas.<\/p>\n<p><!--more--><\/p>\n<p>Por conta de um culto realizado na Primeira Igreja Batista, localizada em frente \u00e0 pra\u00e7a, a atra\u00e7\u00e3o musical da noite n\u00e3o se apresentou \u00e0s 18h como estava previsto na programa\u00e7\u00e3o da CDL. A banda Zabumba\u00eda comandou o arrasta-p\u00e9 a partir das 20h. \u201cA festa est\u00e1 muito bonita, a pra\u00e7a bem enfeitada, a banda toca muito bem. A CDL est\u00e1 de parab\u00e9ns e todos os dias vou prestigiar\u201d, disse Maria Jos\u00e9 (Zez\u00e9) presidente da Associa\u00e7\u00e3o dos Pr\u00e9-Idosos do Sul da Bahia que acompanhou todos os detalhes com muita anima\u00e7\u00e3o.<\/p>\n<p>&nbsp;<\/p>\n<p>O evento ainda contou com a apresenta\u00e7\u00e3o de quadrilha \u201cpensamos em um arrai\u00e1 bem familiar, com comidas e bebidas t\u00edpicas, que anime e atraia pessoas para o com\u00e9rcio. Os comerciantes e artes\u00e3os v\u00e3o trabalhar todos os dias, at\u00e9 o fim do m\u00eas, em hor\u00e1rio comercial. E em dias espec\u00edficos teremos apresenta\u00e7\u00f5es de grupos de forr\u00f3\u201d, explicou Nadja Argollo, presidente da CDL de Ilh\u00e9us que agradeceu o apoio da Pol\u00edcia Militar que garantiu a seguran\u00e7a do evento e \u00e0 Prefeitura Municipal de Ilh\u00e9us, pela autoriza\u00e7\u00e3o de uso do espa\u00e7o.<\/p>\n","protected":false},"excerpt":{"rendered":"<p>A abertura do Arrai\u00e1 \u201cIlh\u00e9us para todos\u201d da C\u00e2mara dos Dirigentes Lojistas deixou a pra\u00e7a J.J Seabra, no Centro da cidade, em clima de S\u00e3o Jo\u00e3o. Bandeirolas, barraquinhas e enfeites deram o \u201ctom\u201d caipira \u00e0 festa. &nbsp; Os visitantes puderam degustar deliciosos licores e comer amendoim que eram oferecidos &#8211; de gra\u00e7a &#8211; na barraquinha [&hellip;]<\/p>\n","protected":false},"author":2,"featured_media":0,"comment_status":"open","ping_status":"open","sticky":false,"template":"","format":"standard","meta":{"_links_to":"","_links_to_target":""},"categories":[19],"tags":[],"_links":{"self":[{"href":"https:\/\/www.r2cpress.com.br\/v1\/wp-json\/wp\/v2\/posts\/16724"}],"collection":[{"href":"https:\/\/www.r2cpress.com.br\/v1\/wp-json\/wp\/v2\/posts"}],"about":[{"href":"https:\/\/www.r2cpress.com.br\/v1\/wp-json\/wp\/v2\/types\/post"}],"author":[{"embeddable":true,"href":"https:\/\/www.r2cpress.com.br\/v1\/wp-json\/wp\/v2\/users\/2"}],"replies":[{"embeddable":true,"href":"https:\/\/www.r2cpress.com.br\/v1\/wp-json\/wp\/v2\/comments?post=16724"}],"version-history":[{"count":3,"href":"https:\/\/www.r2cpress.com.br\/v1\/wp-json\/wp\/v2\/posts\/16724\/revisions"}],"predecessor-version":[{"id":16728,"href":"https:\/\/www.r2cpress.com.br\/v1\/wp-json\/wp\/v2\/posts\/16724\/revisions\/16728"}],"wp:attachment":[{"href":"https:\/\/www.r2cpress.com.br\/v1\/wp-json\/wp\/v2\/media?parent=16724"}],"wp:term":[{"taxonomy":"category","embeddable":true,"href":"https:\/\/www.r2cpress.com.br\/v1\/wp-json\/wp\/v2\/categories?post=16724"},{"taxonomy":"post_tag","embeddable":true,"href":"https:\/\/www.r2cpress.com.br\/v1\/wp-json\/wp\/v2\/tags?post=16724"}],"curies":[{"name":"wp","href":"https:\/\/api.w.org\/{rel}","templated":true}]}}