{"id":16753,"date":"2011-06-02T21:11:14","date_gmt":"2011-06-03T00:11:14","guid":{"rendered":"http:\/\/www.r2cpress.com.br\/v1\/?p=16753"},"modified":"2011-06-02T21:11:14","modified_gmt":"2011-06-03T00:11:14","slug":"comissao-executiva-de-voluntarios-em-prol-da-saude-publica-de-ilheus","status":"publish","type":"post","link":"https:\/\/www.r2cpress.com.br\/v1\/2011\/06\/02\/comissao-executiva-de-voluntarios-em-prol-da-saude-publica-de-ilheus\/","title":{"rendered":"Comiss\u00e3o Executiva de Volunt\u00e1rios em prol da Sa\u00fade P\u00fablica de Ilh\u00e9us"},"content":{"rendered":"<p style=\"text-align: right;\">Ilh\u00e9us, 02 de junho de 2011.<\/p>\n<p style=\"text-align: center;\"><strong> CONVITE<\/strong><\/p>\n<p>Nos \u00faltimos meses, a Comiss\u00e3o Executiva de Volunt\u00e1rios em prol da Sa\u00fade P\u00fablica de Ilh\u00e9us promoveu, com o apoio da sociedade civil e de autoridades p\u00fablicas, uma Campanha para salvar a Santa Casa de Miseric\u00f3rdia de nosso Munic\u00edpio (Hospital S\u00e3o Jos\u00e9 e Maternidade Santa Helena).<\/p>\n<p>Depois de muito esfor\u00e7o, podemos afirmar, com felicidade, que a campanha foi um sucesso. Oxal\u00e1 a Santa Casa de Miseric\u00f3rdia, entidade centen\u00e1ria, possa cuidar da sa\u00fade dos cidad\u00e3os de nossa regi\u00e3o por mais cem anos.<\/p>\n<p>N\u00e3o temos d\u00favida de que nenhum \u00eaxito teria sido alcan\u00e7ado sem o apoio de todos. Por isso, \u00e9 com sentimento de satisfa\u00e7\u00e3o que convidamos V. Senhoria para participar, nos dias 07 e 08 do m\u00eas corrente, \u00e0s 19h00min, no Teatro Municipal de Ilh\u00e9us, do Encontro Musical que marcar\u00e1 o encerramento dessa vitoriosa campanha beneficente.<\/p>\n<p>Nesta oportunidade, al\u00e9m da apresenta\u00e7\u00e3o de diversos artistas, a Comiss\u00e3o e a Diretoria do Hospital prestar\u00e3o os esclarecimentos necess\u00e1rios, divulgando um balan\u00e7o integral dessa batalha pela sa\u00fade p\u00fablica da regi\u00e3o.<\/p>\n<p>Aproveitando a oportunidade, agradecemos \u00e0 aten\u00e7\u00e3o, aguardando a honrosa presen\u00e7a de <strong>TODOS.<\/strong><\/p>\n<p>Respeitosamente,<\/p>\n<p style=\"text-align: center;\">Luiz Henrique Uaquim Silva<\/p>\n<p style=\"text-align: center;\">Presidente da Comiss\u00e3o Executiva de Volunt\u00e1rios em prol da<\/p>\n<p style=\"text-align: center;\">Santa Casa de Miseric\u00f3rdia de Ilh\u00e9us<\/p>\n","protected":false},"excerpt":{"rendered":"<p>Ilh\u00e9us, 02 de junho de 2011. CONVITE Nos \u00faltimos meses, a Comiss\u00e3o Executiva de Volunt\u00e1rios em prol da Sa\u00fade P\u00fablica de Ilh\u00e9us promoveu, com o apoio da sociedade civil e de autoridades p\u00fablicas, uma Campanha para salvar a Santa Casa de Miseric\u00f3rdia de nosso Munic\u00edpio (Hospital S\u00e3o Jos\u00e9 e Maternidade Santa Helena). Depois de muito [&hellip;]<\/p>\n","protected":false},"author":2,"featured_media":0,"comment_status":"open","ping_status":"open","sticky":false,"template":"","format":"standard","meta":{"_links_to":"","_links_to_target":""},"categories":[10],"tags":[],"_links":{"self":[{"href":"https:\/\/www.r2cpress.com.br\/v1\/wp-json\/wp\/v2\/posts\/16753"}],"collection":[{"href":"https:\/\/www.r2cpress.com.br\/v1\/wp-json\/wp\/v2\/posts"}],"about":[{"href":"https:\/\/www.r2cpress.com.br\/v1\/wp-json\/wp\/v2\/types\/post"}],"author":[{"embeddable":true,"href":"https:\/\/www.r2cpress.com.br\/v1\/wp-json\/wp\/v2\/users\/2"}],"replies":[{"embeddable":true,"href":"https:\/\/www.r2cpress.com.br\/v1\/wp-json\/wp\/v2\/comments?post=16753"}],"version-history":[{"count":4,"href":"https:\/\/www.r2cpress.com.br\/v1\/wp-json\/wp\/v2\/posts\/16753\/revisions"}],"predecessor-version":[{"id":16757,"href":"https:\/\/www.r2cpress.com.br\/v1\/wp-json\/wp\/v2\/posts\/16753\/revisions\/16757"}],"wp:attachment":[{"href":"https:\/\/www.r2cpress.com.br\/v1\/wp-json\/wp\/v2\/media?parent=16753"}],"wp:term":[{"taxonomy":"category","embeddable":true,"href":"https:\/\/www.r2cpress.com.br\/v1\/wp-json\/wp\/v2\/categories?post=16753"},{"taxonomy":"post_tag","embeddable":true,"href":"https:\/\/www.r2cpress.com.br\/v1\/wp-json\/wp\/v2\/tags?post=16753"}],"curies":[{"name":"wp","href":"https:\/\/api.w.org\/{rel}","templated":true}]}}