{"id":16768,"date":"2011-06-03T09:21:52","date_gmt":"2011-06-03T12:21:52","guid":{"rendered":"http:\/\/www.r2cpress.com.br\/v1\/?p=16768"},"modified":"2011-06-03T09:21:52","modified_gmt":"2011-06-03T12:21:52","slug":"nao-se-queixe-dos-pardais","status":"publish","type":"post","link":"https:\/\/www.r2cpress.com.br\/v1\/2011\/06\/03\/nao-se-queixe-dos-pardais\/","title":{"rendered":"N\u00c3O SE QUEIXE DOS &#8221; PARDAIS&#8221;"},"content":{"rendered":"<p>De: Cl\u00e9lio Fidelis da Paixao <cleliofidelis @hotmail.com><br \/>\nAssunto: <strong>N\u00c3O SE QUEIXE DOS &#8221; PARDAIS&#8221;<\/strong><\/p>\n<p>Corpo da mensagem:<br \/>\nDISCUT\u00cdVEL &#8230; O Art.5\u00ba da Constitui\u00e7\u00e3o. n\u00e3o diz que o cidad\u00e3o  pode ignorar direitos e deveres.Sabe-se que em regra geral, a Lei n\u00e3o \u00e9 punitiva;pelo contr\u00e1rio, \u00e9 muito mais preventiva. Se formos proteger insistentemente aos que disvirtuam as regras; que se rasgue a Constitui\u00e7\u00e3o e o C\u00f3digo Nacional de Transito.<br \/>\nQuando se busca tirar uma Carteira de Habilita\u00e7\u00e3o,presume=se que se esteja almejando  conhecimento dos Regulamentos e Legisla\u00e7\u00e3o pertinentes e n\u00e3o para que se tenha direito de fazer absurdos no tr\u00e2nsito, conforme \u00e9 not\u00f3rio.<br \/>\nQuando n\u00e3o se obedece aos redutores de velocidade,quebra molas,placas de sinaliza\u00e7\u00e3o ou faixa de pedestre \u00easses monitores visuais,flagram: mults n\u00eales.Para se andar direito n\u00e3o h\u00e1 necessidade  de que as autoridades fa\u00e7am comunica\u00e7\u00e3o de massa para  os irrespons\u00e1veis.Talvez se os que conspiram contra a instala\u00e7\u00e3o das cognominadas &#8220;arapucas&#8221;, tivesse um ente querido vitmado pelas imprud\u00eancias, como aqu\u00eale &#8220;pega&#8221; na Lomanto Jr.-Pontal em 2008, n\u00e3o clamasse tanto pela retirada das c\u00e2meras de v\u00eddeo no tr\u00e2nsito de Ilh\u00e9us. Ou se pune ,ou se transforme as vias da cidade em pista de corrida, sem regras ,a merc\u00ea da moral de cada um.<br \/>\nQuem sabe que , tal  mentalidade dos cr\u00edticos,fa\u00e7a  Ilh\u00e9us crescer  e se civilizar&#8230;<\/p>\n<p>&#8212;<br \/>\nEsta mensagem foi enviada atrav\u00e9s do formul\u00e1rio de contato do site R2CPRESS | A Letra Fria da Verdade http:\/\/www.r2cpress.com.br\/v1<br \/>\n<\/cleliofidelis><\/p>\n","protected":false},"excerpt":{"rendered":"<p>De: Cl\u00e9lio Fidelis da Paixao Assunto: N\u00c3O SE QUEIXE DOS &#8221; PARDAIS&#8221; Corpo da mensagem: DISCUT\u00cdVEL &#8230; O Art.5\u00ba da Constitui\u00e7\u00e3o. n\u00e3o diz que o cidad\u00e3o pode ignorar direitos e deveres.Sabe-se que em regra geral, a Lei n\u00e3o \u00e9 punitiva;pelo contr\u00e1rio, \u00e9 muito mais preventiva. Se formos proteger insistentemente aos que disvirtuam as regras; que [&hellip;]<\/p>\n","protected":false},"author":2,"featured_media":0,"comment_status":"open","ping_status":"open","sticky":false,"template":"","format":"standard","meta":{"_links_to":"","_links_to_target":""},"categories":[10],"tags":[],"_links":{"self":[{"href":"https:\/\/www.r2cpress.com.br\/v1\/wp-json\/wp\/v2\/posts\/16768"}],"collection":[{"href":"https:\/\/www.r2cpress.com.br\/v1\/wp-json\/wp\/v2\/posts"}],"about":[{"href":"https:\/\/www.r2cpress.com.br\/v1\/wp-json\/wp\/v2\/types\/post"}],"author":[{"embeddable":true,"href":"https:\/\/www.r2cpress.com.br\/v1\/wp-json\/wp\/v2\/users\/2"}],"replies":[{"embeddable":true,"href":"https:\/\/www.r2cpress.com.br\/v1\/wp-json\/wp\/v2\/comments?post=16768"}],"version-history":[{"count":2,"href":"https:\/\/www.r2cpress.com.br\/v1\/wp-json\/wp\/v2\/posts\/16768\/revisions"}],"predecessor-version":[{"id":16770,"href":"https:\/\/www.r2cpress.com.br\/v1\/wp-json\/wp\/v2\/posts\/16768\/revisions\/16770"}],"wp:attachment":[{"href":"https:\/\/www.r2cpress.com.br\/v1\/wp-json\/wp\/v2\/media?parent=16768"}],"wp:term":[{"taxonomy":"category","embeddable":true,"href":"https:\/\/www.r2cpress.com.br\/v1\/wp-json\/wp\/v2\/categories?post=16768"},{"taxonomy":"post_tag","embeddable":true,"href":"https:\/\/www.r2cpress.com.br\/v1\/wp-json\/wp\/v2\/tags?post=16768"}],"curies":[{"name":"wp","href":"https:\/\/api.w.org\/{rel}","templated":true}]}}