{"id":16812,"date":"2011-06-03T20:00:52","date_gmt":"2011-06-03T23:00:52","guid":{"rendered":"http:\/\/www.r2cpress.com.br\/v1\/?p=16812"},"modified":"2011-06-03T20:16:24","modified_gmt":"2011-06-03T23:16:24","slug":"do-fundo-do-bau-de-jose-leite-27","status":"publish","type":"post","link":"https:\/\/www.r2cpress.com.br\/v1\/2011\/06\/03\/do-fundo-do-bau-de-jose-leite-27\/","title":{"rendered":"DO FUNDO DO BA\u00da DE JOS\u00c9 LEITE"},"content":{"rendered":"<p><center><img SRC = \"http:\/\/www.r2cpress.com.br\/v1\/wp-content\/uploads\/tampa-do-ba%C3%BA-com-camisa.jpg\"\/><\/p>\n<p><strong>1)\tMEU ORGULHO DE SER ILHEENSE NO RIO DE JANEIRO<br \/>\n2)\tMEU ORGULHO DE SER BRASILEIRO NA IT\u00c1LIA<br \/>\n3)\tAS FOTOS DESTAQUES DA SEMANA<\/strong><\/center><\/p>\n<p><!--more--><\/p>\n<p><center>***<\/center><\/p>\n<p><b><center>MEU ORGULHO DE SER ILHEENSE NO RIO DE JANEIRO<\/center><\/b><\/p>\n<p>Aconteceu h\u00e1 40 anos atr\u00e1s, fiz uma viagem de neg\u00f3cios para o RIO DE JANEIRO acompanhado do meu saudoso e inesquec\u00edvel amigo GILSON SERAFIM DA SILVA e quando pass\u00e1vamos na RUA VOLUNT\u00c1RIOS DA P\u00c1TRIA, uma da ruas mais movimentadas do Com\u00e9rcio no Bairro de BOTAFOGO, fiquei surpreso ao ver um bonito pr\u00e9dio com o nome EDIF\u00cdCIO CIDADE DE ILH\u00c9US, e para a surpresa ser maior, no t\u00e9rreo desse Edif\u00edcio funcionava uma grande Loja de M\u00f3veis e Eletrodom\u00e9sticos com um letreiro luminoso onde se lia: \u201cCASAS ARNALDO \u2013 FILIAL RIO DE JANEIRO\u201d. E logo abaixo \u201cMATRIZ \u2013 ILH\u00c9US\u201d. Meus amigos, n\u00e3o nego, a emo\u00e7\u00e3o foi grande e o ORGULHO tamb\u00e9m em saber que dezenas de milhares de cariocas que passavam ali por m\u00eas em frente aquela loja e nas outras duas filiais existentes no RIO DE JANEIRO (NIL\u00d3POLIS e BANG\u00da) ao lerem aquele LETREIRO, saberiam com certeza que o COM\u00c9RCIO DE ILH\u00c9US era um Com\u00e9rcio Din\u00e2mico e forte, onde existia uma EMPRESA com 3 FILIAIS no RIO DE JANEIRO e a Matriz em ILH\u00c9US.<br \/>\nNOSSA HOMENAGEM AO SAUDOSO AMIGO ARNALDO BUNCHAFT, um grande empres\u00e1rio que deu muitos empregos e rendas ao nosso Munic\u00edpio e em outras cidades e tamb\u00e9m foi um grande DIVULGADOR da cidade de ILH\u00c9US na cidade do RIO DE JANEIRO.<\/p>\n<div id=\"attachment_16815\" style=\"width: 310px\" class=\"wp-caption aligncenter\"><a href=\"http:\/\/www.r2cpress.com.br\/v1\/wp-content\/uploads\/015.jpg\"><img aria-describedby=\"caption-attachment-16815\" loading=\"lazy\" src=\"http:\/\/www.r2cpress.com.br\/v1\/wp-content\/uploads\/015-300x213.jpg\" alt=\"\" title=\"Foto Rar\u00edssima! Primeira Loja do SR. ARNALDO BUNCHAFT com o nome de \u201cCASA CARIOCA\u201d em \u00c1GUA PRETA (foi distrito de Ilh\u00e9us) hoje, cidade de URU\u00c7UCA. O nome \u201cCARIOCA\u201d lhe deu muita sorte, porque foi no RIO DE JANEIRO onde ele inaugurou 3 Lojas das CASAS ARNALDO. Na foto: SEU ARNALDO BUNCHAFT \u00e9 o primeiro da porta da direita p\/ esquerda.  (Foto: Final da d\u00e9cada de 1920)\" width=\"300\" height=\"213\" class=\"size-medium wp-image-16815\" srcset=\"https:\/\/www.r2cpress.com.br\/v1\/wp-content\/uploads\/015-300x213.jpg 300w, https:\/\/www.r2cpress.com.br\/v1\/wp-content\/uploads\/015.jpg 620w\" sizes=\"(max-width: 300px) 100vw, 300px\" \/><\/a><p id=\"caption-attachment-16815\" class=\"wp-caption-text\">Foto Rar\u00edssima! Primeira Loja do SR. ARNALDO BUNCHAFT com o nome de \u201cCASA CARIOCA\u201d em \u00c1GUA PRETA (foi distrito de Ilh\u00e9us) hoje, cidade de URU\u00c7UCA. O nome \u201cCARIOCA\u201d lhe deu muita sorte, porque foi no RIO DE JANEIRO onde ele inaugurou 3 Lojas das CASAS ARNALDO. Na foto: SEU ARNALDO BUNCHAFT \u00e9 o primeiro da porta da direita p\/ esquerda.  (Foto: Final da d\u00e9cada de 1920)<\/p><\/div>\n<div id=\"attachment_16816\" style=\"width: 310px\" class=\"wp-caption aligncenter\"><a href=\"http:\/\/www.r2cpress.com.br\/v1\/wp-content\/uploads\/021.jpg\"><img aria-describedby=\"caption-attachment-16816\" loading=\"lazy\" src=\"http:\/\/www.r2cpress.com.br\/v1\/wp-content\/uploads\/021-300x196.jpg\" alt=\"\" title=\"Uma das Exposi\u00e7\u00f5es de M\u00f3veis da LOJA CASAS ARNALDO (Foto: D\u00e9cada de 1970)\" width=\"300\" height=\"196\" class=\"size-medium wp-image-16816\" srcset=\"https:\/\/www.r2cpress.com.br\/v1\/wp-content\/uploads\/021-300x196.jpg 300w, https:\/\/www.r2cpress.com.br\/v1\/wp-content\/uploads\/021.jpg 526w\" sizes=\"(max-width: 300px) 100vw, 300px\" \/><\/a><p id=\"caption-attachment-16816\" class=\"wp-caption-text\">Uma das Exposi\u00e7\u00f5es de M\u00f3veis da LOJA CASAS ARNALDO (Foto: D\u00e9cada de 1970)<\/p><\/div>\n<div id=\"attachment_16860\" style=\"width: 310px\" class=\"wp-caption aligncenter\"><a href=\"http:\/\/www.r2cpress.com.br\/v1\/wp-content\/uploads\/03_rio.jpg\"><img aria-describedby=\"caption-attachment-16860\" loading=\"lazy\" src=\"http:\/\/www.r2cpress.com.br\/v1\/wp-content\/uploads\/03_rio-300x202.jpg\" alt=\"\" title=\"RIO DE JANEIRO \u2013 RJ. Vista noturna enseada do BOTAFOGO (onde seu ARNALDO BUNCHAFT possu\u00eda uma das Lojas) ao fundo o P\u00c3O DE A\u00c7UCAR. (Foto Postal: Final da d\u00e9cada de 1970)\" width=\"300\" height=\"202\" class=\"size-medium wp-image-16860\" srcset=\"https:\/\/www.r2cpress.com.br\/v1\/wp-content\/uploads\/03_rio-300x202.jpg 300w, https:\/\/www.r2cpress.com.br\/v1\/wp-content\/uploads\/03_rio.jpg 524w\" sizes=\"(max-width: 300px) 100vw, 300px\" \/><\/a><p id=\"caption-attachment-16860\" class=\"wp-caption-text\">RIO DE JANEIRO \u2013 RJ. Vista noturna enseada do BOTAFOGO (onde seu ARNALDO BUNCHAFT possu\u00eda uma das Lojas) ao fundo o P\u00c3O DE A\u00c7UCAR. (Foto Postal: Final da d\u00e9cada de 1970)<\/p><\/div>\n<p><b><center>MEU ORGULHO DE SER BRASILEIRO NA IT\u00c1LIA<\/center><\/b><\/p>\n<div id=\"attachment_16819\" style=\"width: 310px\" class=\"wp-caption aligncenter\"><a href=\"http:\/\/www.r2cpress.com.br\/v1\/wp-content\/uploads\/042.jpg\"><img aria-describedby=\"caption-attachment-16819\" loading=\"lazy\" src=\"http:\/\/www.r2cpress.com.br\/v1\/wp-content\/uploads\/042-300x217.jpg\" alt=\"\" title=\"Cheguei de Metr\u00f4 na PRA\u00c7A DO COLISEU em ROMA e logo de frente encontro uma BANCA DE REVISTA com cinco BANDEIRAS EXPOSTAS, entre elas a bandeira Brasileira. Como n\u00e3o ficar orgulhoso? Uma coisa simples, n\u00e3o \u00e9? Mas n\u00e3o adianta, eu sou assim e nunca vou mudar. (Foto clicada por JOS\u00c9 LEITE DE SOUZA em Maio\/2006)\" width=\"300\" height=\"217\" class=\"size-medium wp-image-16819\" srcset=\"https:\/\/www.r2cpress.com.br\/v1\/wp-content\/uploads\/042-300x217.jpg 300w, https:\/\/www.r2cpress.com.br\/v1\/wp-content\/uploads\/042.jpg 567w\" sizes=\"(max-width: 300px) 100vw, 300px\" \/><\/a><p id=\"caption-attachment-16819\" class=\"wp-caption-text\">Cheguei de Metr\u00f4 na PRA\u00c7A DO COLISEU em ROMA e logo de frente encontro uma BANCA DE REVISTA com cinco BANDEIRAS EXPOSTAS, entre elas a bandeira Brasileira. Como n\u00e3o ficar orgulhoso? Uma coisa simples, n\u00e3o \u00e9? Mas n\u00e3o adianta, eu sou assim e nunca vou mudar. (Foto clicada por JOS\u00c9 LEITE DE SOUZA em Maio\/2006)<\/p><\/div>\n<p><b><center>AS FOTOS DESTAQUES DA SEMANA<\/center><\/b><\/p>\n<div id=\"attachment_16820\" style=\"width: 310px\" class=\"wp-caption aligncenter\"><a href=\"http:\/\/www.r2cpress.com.br\/v1\/wp-content\/uploads\/051.jpg\"><img aria-describedby=\"caption-attachment-16820\" loading=\"lazy\" src=\"http:\/\/www.r2cpress.com.br\/v1\/wp-content\/uploads\/051-300x193.jpg\" alt=\"\" title=\"Abertura da IV ILH\u00c9US EM FLOR na AV. SOARES LOPES. Da esquerda para direita: DR. M\u00c1RIO ALEXANDRE (Vice-Prefeito), NEWTON LIMA (Prefeito), IN\u00caS TAVARES (Primeira\u2013Dama), ANGELA SOUZA (Deputada Estadual) e JOS\u00c9 LEITE. (Foto: 26-05-2011)\" width=\"300\" height=\"193\" class=\"size-medium wp-image-16820\" srcset=\"https:\/\/www.r2cpress.com.br\/v1\/wp-content\/uploads\/051-300x193.jpg 300w, https:\/\/www.r2cpress.com.br\/v1\/wp-content\/uploads\/051.jpg 530w\" sizes=\"(max-width: 300px) 100vw, 300px\" \/><\/a><p id=\"caption-attachment-16820\" class=\"wp-caption-text\">Abertura da IV ILH\u00c9US EM FLOR na AV. SOARES LOPES. Da esquerda para direita: DR. M\u00c1RIO ALEXANDRE (Vice-Prefeito), NEWTON LIMA (Prefeito), IN\u00caS TAVARES (Primeira\u2013Dama), ANGELA SOUZA (Deputada Estadual) e JOS\u00c9 LEITE. (Foto: 26-05-2011)<\/p><\/div>\n<div id=\"attachment_16821\" style=\"width: 310px\" class=\"wp-caption aligncenter\"><a href=\"http:\/\/www.r2cpress.com.br\/v1\/wp-content\/uploads\/061.jpg\"><img aria-describedby=\"caption-attachment-16821\" loading=\"lazy\" src=\"http:\/\/www.r2cpress.com.br\/v1\/wp-content\/uploads\/061-300x193.jpg\" alt=\"\" title=\"\u201cDUAS ROSAS\u201d na Feira de Flores de HOLAMBRA que est\u00e1 acontecendo na AV. SOARES LOPES at\u00e9 o dia 5 de Junho. (Foto: 26-05-2011)\" width=\"300\" height=\"193\" class=\"size-medium wp-image-16821\" srcset=\"https:\/\/www.r2cpress.com.br\/v1\/wp-content\/uploads\/061-300x193.jpg 300w, https:\/\/www.r2cpress.com.br\/v1\/wp-content\/uploads\/061.jpg 531w\" sizes=\"(max-width: 300px) 100vw, 300px\" \/><\/a><p id=\"caption-attachment-16821\" class=\"wp-caption-text\">\u201cDUAS ROSAS\u201d na Feira de Flores de HOLAMBRA que est\u00e1 acontecendo na AV. SOARES LOPES at\u00e9 o dia 5 de Junho. (Foto: 26-05-2011)<\/p><\/div>\n<div id=\"attachment_16822\" style=\"width: 310px\" class=\"wp-caption aligncenter\"><a href=\"http:\/\/www.r2cpress.com.br\/v1\/wp-content\/uploads\/071.jpg\"><img aria-describedby=\"caption-attachment-16822\" loading=\"lazy\" src=\"http:\/\/www.r2cpress.com.br\/v1\/wp-content\/uploads\/071-300x195.jpg\" alt=\"\" title=\"Antes da Eleva\u00e7\u00e3o a Categoria de Cidade, JUAZEIRO DO NORTE era chamado de \u201cTABULEIRO GRANDE\u201d, Distrito pertencente ao munic\u00edpio do CRATO. E falando em TABULEIRO, n\u00e3o poder\u00edamos deixar de convidar para a festa do CENTEN\u00c1RIO DE JUAZEIRO, aquele que comprovadamente \u00e9 um dos melhores RADIALISTAS e mant\u00e9m um dos melhores programas em audi\u00eancia da cidade \u201cO TABULEIRO\u201d. Estamos falando de ERIVALDO VILA NOVA. (Foto: 28-05-2011)\" width=\"300\" height=\"195\" class=\"size-medium wp-image-16822\" srcset=\"https:\/\/www.r2cpress.com.br\/v1\/wp-content\/uploads\/071-300x195.jpg 300w, https:\/\/www.r2cpress.com.br\/v1\/wp-content\/uploads\/071.jpg 531w\" sizes=\"(max-width: 300px) 100vw, 300px\" \/><\/a><p id=\"caption-attachment-16822\" class=\"wp-caption-text\">Antes da Eleva\u00e7\u00e3o a Categoria de Cidade, JUAZEIRO DO NORTE era chamado de \u201cTABULEIRO GRANDE\u201d, Distrito pertencente ao munic\u00edpio do CRATO. E falando em TABULEIRO, n\u00e3o poder\u00edamos deixar de convidar para a festa do CENTEN\u00c1RIO DE JUAZEIRO, aquele que comprovadamente \u00e9 um dos melhores RADIALISTAS e mant\u00e9m um dos melhores programas em audi\u00eancia da cidade \u201cO TABULEIRO\u201d. Estamos falando de ERIVALDO VILA NOVA. (Foto: 28-05-2011)<\/p><\/div>\n<div id=\"attachment_16823\" style=\"width: 310px\" class=\"wp-caption aligncenter\"><a href=\"http:\/\/www.r2cpress.com.br\/v1\/wp-content\/uploads\/081.jpg\"><img aria-describedby=\"caption-attachment-16823\" loading=\"lazy\" src=\"http:\/\/www.r2cpress.com.br\/v1\/wp-content\/uploads\/081-300x194.jpg\" alt=\"\" title=\"Domingo passado (29-05-2011) foi o anivers\u00e1rio de MIGUELZINHO, nosso \u201cPILOTO\u201d que aparece na foto com o bra\u00e7o suspenso, festejando com amigos e familiares em sua resid\u00eancia.\" width=\"300\" height=\"194\" class=\"size-medium wp-image-16823\" srcset=\"https:\/\/www.r2cpress.com.br\/v1\/wp-content\/uploads\/081-300x194.jpg 300w, https:\/\/www.r2cpress.com.br\/v1\/wp-content\/uploads\/081.jpg 528w\" sizes=\"(max-width: 300px) 100vw, 300px\" \/><\/a><p id=\"caption-attachment-16823\" class=\"wp-caption-text\">Domingo passado (29-05-2011) foi o anivers\u00e1rio de MIGUELZINHO, nosso \u201cPILOTO\u201d que aparece na foto com o bra\u00e7o suspenso, festejando com amigos e familiares em sua resid\u00eancia.<\/p><\/div>\n<div id=\"attachment_16824\" style=\"width: 310px\" class=\"wp-caption aligncenter\"><a href=\"http:\/\/www.r2cpress.com.br\/v1\/wp-content\/uploads\/091.jpg\"><img aria-describedby=\"caption-attachment-16824\" loading=\"lazy\" src=\"http:\/\/www.r2cpress.com.br\/v1\/wp-content\/uploads\/091-300x193.jpg\" alt=\"\" title=\"Parab\u00e9ns! Para DONA ASSUN\u00c7\u00c3O GON\u00c7ALVES, Escritora e Historiadora em JUAZEIRO DO NORTE e que na \u00faltima quarta feira (01-06-2011) completou 95 anos com boa sa\u00fade. Na foto: DONA ASSUN\u00c7\u00c3O e do seu lado esquerdo, sua sobrinha DONA FRANCISQUINHA e de p\u00e9 DONA IVONETE. (Foto: 23-04-2011)\" width=\"300\" height=\"193\" class=\"size-medium wp-image-16824\" srcset=\"https:\/\/www.r2cpress.com.br\/v1\/wp-content\/uploads\/091-300x193.jpg 300w, https:\/\/www.r2cpress.com.br\/v1\/wp-content\/uploads\/091.jpg 530w\" sizes=\"(max-width: 300px) 100vw, 300px\" \/><\/a><p id=\"caption-attachment-16824\" class=\"wp-caption-text\">Parab\u00e9ns! Para DONA ASSUN\u00c7\u00c3O GON\u00c7ALVES, Escritora e Historiadora em JUAZEIRO DO NORTE e que na \u00faltima quarta feira (01-06-2011) completou 95 anos com boa sa\u00fade. Na foto: DONA ASSUN\u00c7\u00c3O e do seu lado esquerdo, sua sobrinha DONA FRANCISQUINHA e de p\u00e9 DONA IVONETE. (Foto: 23-04-2011)<\/p><\/div>\n<div id=\"attachment_16825\" style=\"width: 310px\" class=\"wp-caption aligncenter\"><a href=\"http:\/\/www.r2cpress.com.br\/v1\/wp-content\/uploads\/1014.jpg\"><img aria-describedby=\"caption-attachment-16825\" loading=\"lazy\" src=\"http:\/\/www.r2cpress.com.br\/v1\/wp-content\/uploads\/1014-300x193.jpg\" alt=\"\" title=\"Nossa Sauda\u00e7\u00e3o para um dos mais competentes CIRURGI\u00c3O DENTISTA de JUAZEIRO DO NORTE, DR. BALBINO. Meu amigo, nos encontraremos em Julho na festa do CENTEN\u00c1RIO.\" width=\"300\" height=\"193\" class=\"size-medium wp-image-16825\" srcset=\"https:\/\/www.r2cpress.com.br\/v1\/wp-content\/uploads\/1014-300x193.jpg 300w, https:\/\/www.r2cpress.com.br\/v1\/wp-content\/uploads\/1014.jpg 618w\" sizes=\"(max-width: 300px) 100vw, 300px\" \/><\/a><p id=\"caption-attachment-16825\" class=\"wp-caption-text\">Nossa Sauda\u00e7\u00e3o para um dos mais competentes CIRURGI\u00c3O DENTISTA de JUAZEIRO DO NORTE, DR. BALBINO. Meu amigo, nos encontraremos em Julho na festa do CENTEN\u00c1RIO.<\/p><\/div>\n<p><center>E NO MAIS!<\/center><br \/>\n<div id=\"attachment_16826\" style=\"width: 310px\" class=\"wp-caption aligncenter\"><a href=\"http:\/\/www.r2cpress.com.br\/v1\/wp-content\/uploads\/1116.jpg\"><img aria-describedby=\"caption-attachment-16826\" loading=\"lazy\" src=\"http:\/\/www.r2cpress.com.br\/v1\/wp-content\/uploads\/1116-300x195.jpg\" alt=\"\" title=\"Esse da foto acima \u00e9 o torcedor mais FAN\u00c1TICO do time do COLO-COLO DE ILH\u00c9US. O nome dele? \u201cZERO SUSTO\u201d\" width=\"300\" height=\"195\" class=\"size-medium wp-image-16826\" srcset=\"https:\/\/www.r2cpress.com.br\/v1\/wp-content\/uploads\/1116-300x195.jpg 300w, https:\/\/www.r2cpress.com.br\/v1\/wp-content\/uploads\/1116.jpg 789w\" sizes=\"(max-width: 300px) 100vw, 300px\" \/><\/a><p id=\"caption-attachment-16826\" class=\"wp-caption-text\">Esse da foto acima \u00e9 o torcedor mais FAN\u00c1TICO do time do COLO-COLO DE ILH\u00c9US. O nome dele? \u201cZERO SUSTO\u201d<\/p><\/div><\/p>\n<p>&#8212;<br \/>\nTexto e fotos: Jos\u00e9 Leite de Souza<br \/>\njleitesouza@hotmail.com<\/p>\n","protected":false},"excerpt":{"rendered":"<p>1) MEU ORGULHO DE SER ILHEENSE NO RIO DE JANEIRO 2) MEU ORGULHO DE SER BRASILEIRO NA IT\u00c1LIA 3) AS FOTOS DESTAQUES DA SEMANA<\/p>\n","protected":false},"author":2,"featured_media":0,"comment_status":"open","ping_status":"open","sticky":false,"template":"","format":"standard","meta":{"_links_to":"","_links_to_target":""},"categories":[10],"tags":[],"_links":{"self":[{"href":"https:\/\/www.r2cpress.com.br\/v1\/wp-json\/wp\/v2\/posts\/16812"}],"collection":[{"href":"https:\/\/www.r2cpress.com.br\/v1\/wp-json\/wp\/v2\/posts"}],"about":[{"href":"https:\/\/www.r2cpress.com.br\/v1\/wp-json\/wp\/v2\/types\/post"}],"author":[{"embeddable":true,"href":"https:\/\/www.r2cpress.com.br\/v1\/wp-json\/wp\/v2\/users\/2"}],"replies":[{"embeddable":true,"href":"https:\/\/www.r2cpress.com.br\/v1\/wp-json\/wp\/v2\/comments?post=16812"}],"version-history":[{"count":7,"href":"https:\/\/www.r2cpress.com.br\/v1\/wp-json\/wp\/v2\/posts\/16812\/revisions"}],"predecessor-version":[{"id":16859,"href":"https:\/\/www.r2cpress.com.br\/v1\/wp-json\/wp\/v2\/posts\/16812\/revisions\/16859"}],"wp:attachment":[{"href":"https:\/\/www.r2cpress.com.br\/v1\/wp-json\/wp\/v2\/media?parent=16812"}],"wp:term":[{"taxonomy":"category","embeddable":true,"href":"https:\/\/www.r2cpress.com.br\/v1\/wp-json\/wp\/v2\/categories?post=16812"},{"taxonomy":"post_tag","embeddable":true,"href":"https:\/\/www.r2cpress.com.br\/v1\/wp-json\/wp\/v2\/tags?post=16812"}],"curies":[{"name":"wp","href":"https:\/\/api.w.org\/{rel}","templated":true}]}}