{"id":16839,"date":"2011-06-03T18:21:05","date_gmt":"2011-06-03T21:21:05","guid":{"rendered":"http:\/\/www.r2cpress.com.br\/v1\/?p=16839"},"modified":"2011-06-03T22:22:29","modified_gmt":"2011-06-04T01:22:29","slug":"jose-rezende-mendonca","status":"publish","type":"post","link":"https:\/\/www.r2cpress.com.br\/v1\/2011\/06\/03\/jose-rezende-mendonca\/","title":{"rendered":"Jos\u00e9 Rezende Mendon\u00e7a"},"content":{"rendered":"<p>Rapaz, estou desde aquela hora que conversamos por &#8216;i-meio&#8217; azuado. J\u00e1 virei isso aqui de cabe\u00e7a pra baixo e n\u00e3o achei nada que refletisse meu <strong>sentimento para com voc\u00ea.<\/strong><br \/>\nL\u00e1 pras tantas, passou um cara fazendo uma zuada danada conversando com uma figura que estava do outro lado da rua. Por viver antenado fiquei assuntando aquele papo amalucado entre os dois e, no final, aos berros, o cara mandou: <strong>&#8220;Voc\u00ea \u00e9 meu amigo!!!!!&#8221;.<\/strong><br \/>\nAffff foi como uma sirene no meu zuvido. No mesmo instante, sa\u00ed vuado da janela e fui gatunar uma m\u00fasica das antigas mas que est\u00e1 muito presente para quem usa essa palavra na sua ess\u00eancia.<\/p>\n<p>Bj\u00e3o Rezende e fique com <strong>DEUS <\/strong>(Sempre!. eu disse <strong>SEMPRE!!!!!!<\/strong>)&nbsp;<\/p>\n<p><center> &#8212;<\/p>\n<p><strong>Amigo<\/strong><br \/>\nRoberto Carlos e Erasmo Carlos<br \/>\nComposi\u00e7\u00e3o : Roberto Carlos e Erasmo Carlos&nbsp;<\/p>\n<p>&#8212;<\/p>\n<p>Voc\u00ea meu amigo de f\u00e9 meu irm\u00e3o camarada, amigo de tantos caminhos<br \/>\nde tantas jornadas<br \/>\nCabe\u00e7a de homem mas o cora\u00e7\u00e3o de menino, aquele que est\u00e1 do meu lado<br \/>\nem qualquer caminhada<br \/>\nMe lembro de todas as lutas meu bom companheiro, voc\u00ea tantas vezes provou<br \/>\nque \u00e9 um grande guerreiro<br \/>\nO seu cora\u00e7\u00e3o \u00e9 uma casa de portas abertas, amigo voc\u00ea \u00e9 o<br \/>\nmais certo das horas incertas<br \/>\nAs vezes em certos momentos dif\u00edceis da vida, em que precisamos<br \/>\nde algu\u00e9m para ajudar na sa\u00edda<br \/>\nA sua palavra de for\u00e7a de f\u00e9 e de carinho, me d\u00e1 a certeza de que eu nunca<br \/>\nestive sozinho<br \/>\nVoc\u00ea meu amigo de f\u00e9 meu irm\u00e3o camarada, sorriso e abra\u00e7o festivo da minha chegada<br \/>\nVoc\u00ea que me diz as verdades com frases abertas, amigo voc\u00ea \u00e9 omais<br \/>\ncerto das horas incertas<br \/>\nN\u00e3o preciso nem dizer, tudo isso que eu lhe digo, mas \u00e9 muito bom saber,<br \/>\nque voc\u00ea \u00e9 meu amigo<br \/>\nN\u00e3o preciso nem dizer, tudo isso que eu lhe digo, mas \u00e9 muito bom saber<br \/>\nque eu tenho um grande amigo.<\/center><\/p>\n<p>&#8212;<br \/>\nAgora, meu rei, levante essa sua <strong>mini-bunda<\/strong> da cadeira e v\u00e1 d\u00e1 uma circulada no seu Pontal porque ele s\u00f3 tem brilho e se mostra &#8216;bunito&#8217; quando voc\u00ea circula por ele.<br \/>\nDepois que voc\u00ea encher de energia todos da\u00ed, venha aqui tomar um caf\u00e9 e receber um abra\u00e7o deste seu amigo e f\u00e3.<\/p>\n<p>+ bjo e fique com <strong>DEUS<\/strong>.<\/p>\n<p>Rabat.<\/p>\n","protected":false},"excerpt":{"rendered":"<p>Rapaz, estou desde aquela hora que conversamos por &#8216;i-meio&#8217; azuado. J\u00e1 virei isso aqui de cabe\u00e7a pra baixo e n\u00e3o achei nada que refletisse meu sentimento para com voc\u00ea. L\u00e1 pras tantas, passou um cara fazendo uma zuada danada conversando com uma figura que estava do outro lado da rua. Por viver antenado fiquei assuntando [&hellip;]<\/p>\n","protected":false},"author":2,"featured_media":0,"comment_status":"open","ping_status":"open","sticky":false,"template":"","format":"standard","meta":{"_links_to":"","_links_to_target":""},"categories":[17],"tags":[],"_links":{"self":[{"href":"https:\/\/www.r2cpress.com.br\/v1\/wp-json\/wp\/v2\/posts\/16839"}],"collection":[{"href":"https:\/\/www.r2cpress.com.br\/v1\/wp-json\/wp\/v2\/posts"}],"about":[{"href":"https:\/\/www.r2cpress.com.br\/v1\/wp-json\/wp\/v2\/types\/post"}],"author":[{"embeddable":true,"href":"https:\/\/www.r2cpress.com.br\/v1\/wp-json\/wp\/v2\/users\/2"}],"replies":[{"embeddable":true,"href":"https:\/\/www.r2cpress.com.br\/v1\/wp-json\/wp\/v2\/comments?post=16839"}],"version-history":[{"count":11,"href":"https:\/\/www.r2cpress.com.br\/v1\/wp-json\/wp\/v2\/posts\/16839\/revisions"}],"predecessor-version":[{"id":16870,"href":"https:\/\/www.r2cpress.com.br\/v1\/wp-json\/wp\/v2\/posts\/16839\/revisions\/16870"}],"wp:attachment":[{"href":"https:\/\/www.r2cpress.com.br\/v1\/wp-json\/wp\/v2\/media?parent=16839"}],"wp:term":[{"taxonomy":"category","embeddable":true,"href":"https:\/\/www.r2cpress.com.br\/v1\/wp-json\/wp\/v2\/categories?post=16839"},{"taxonomy":"post_tag","embeddable":true,"href":"https:\/\/www.r2cpress.com.br\/v1\/wp-json\/wp\/v2\/tags?post=16839"}],"curies":[{"name":"wp","href":"https:\/\/api.w.org\/{rel}","templated":true}]}}