{"id":16884,"date":"2011-06-04T10:36:22","date_gmt":"2011-06-04T13:36:22","guid":{"rendered":"http:\/\/www.r2cpress.com.br\/v1\/?p=16884"},"modified":"2011-06-04T10:36:22","modified_gmt":"2011-06-04T13:36:22","slug":"concurso-pmi-3","status":"publish","type":"post","link":"https:\/\/www.r2cpress.com.br\/v1\/2011\/06\/04\/concurso-pmi-3\/","title":{"rendered":"Concurso PMI"},"content":{"rendered":"<p>De: Vin\u00edcius Bomfim Ribeiro <vbrba @hotmail.com><br \/>\nAssunto: <strong>Concurso PMI<\/strong><\/p>\n<p>Corpo da mensagem:<br \/>\nQuerido Rabat<\/p>\n<p>Acho de extrema importante a abertura de um espa\u00e7o democr\u00e1tico para opini\u00f5es.Contudo acho que j\u00e1 deu esta hist\u00f3ria do concurso da PMI, \u00e9 hora do prefeito desta cidade tomar uma posi\u00e7\u00e3o, afinal ele \u00e9 o representante do povo e para tal deveria respeita-los, este concurso j\u00e1 deveria ser anulado desde os il\u00edcitos ocorridos e licitado uma nova empresa com estrutura a altura para a realiza\u00e7\u00e3o do concurso.<br \/>\n\u00c8 uma falta de respeito imensa com s pessoas que desgastaram o seu tempo estudando, deixando outras tarefas para se dedicar a um concurso que pode mudar a vida de muitos, desde de a abertura do edital que a empresa S&#038;R vem sendo noticiada como despreparada, e gostaria muito de saber das autoridades e principalmente d Secretario de Administra\u00e7\u00e3o e da Controladoria do munic\u00edpio qual princ\u00edpio usaram para a contrata\u00e7\u00e3o desta empresa, vez que a mesma \u00e9 cheia de processos pelos mesmos motivos supra citados, como falta de transpar\u00eancia, fraudes etc&#8230;<br \/>\nConclamo a todos que se sentem prejudicados a ingressar e uma a\u00e7\u00e3o conjunta para anula\u00e7\u00e3o deste concurso e Licita\u00e7\u00e3o para uma nova empresa, que desta vez o principio para a contrata\u00e7\u00e3o seja a lisura e a experi\u00eancia em outros concursos, de prefer\u00eancia se j\u00e1 fez concursos Federais.<\/p>\n<p>Desde  j\u00e1 grato<\/p>\n<p>Vin\u00edcius Bomfim Ribeiro<\/p>\n<p>&#8212;<br \/>\nEsta mensagem foi enviada atrav\u00e9s do formul\u00e1rio de contato do site R2CPRESS | A Letra Fria da Verdade http:\/\/www.r2cpress.com.br\/v1<br \/>\n<\/vbrba><\/p>\n","protected":false},"excerpt":{"rendered":"<p>De: Vin\u00edcius Bomfim Ribeiro Assunto: Concurso PMI Corpo da mensagem: Querido Rabat Acho de extrema importante a abertura de um espa\u00e7o democr\u00e1tico para opini\u00f5es.Contudo acho que j\u00e1 deu esta hist\u00f3ria do concurso da PMI, \u00e9 hora do prefeito desta cidade tomar uma posi\u00e7\u00e3o, afinal ele \u00e9 o representante do povo e para tal deveria respeita-los, [&hellip;]<\/p>\n","protected":false},"author":2,"featured_media":0,"comment_status":"open","ping_status":"open","sticky":false,"template":"","format":"standard","meta":{"_links_to":"","_links_to_target":""},"categories":[10],"tags":[],"_links":{"self":[{"href":"https:\/\/www.r2cpress.com.br\/v1\/wp-json\/wp\/v2\/posts\/16884"}],"collection":[{"href":"https:\/\/www.r2cpress.com.br\/v1\/wp-json\/wp\/v2\/posts"}],"about":[{"href":"https:\/\/www.r2cpress.com.br\/v1\/wp-json\/wp\/v2\/types\/post"}],"author":[{"embeddable":true,"href":"https:\/\/www.r2cpress.com.br\/v1\/wp-json\/wp\/v2\/users\/2"}],"replies":[{"embeddable":true,"href":"https:\/\/www.r2cpress.com.br\/v1\/wp-json\/wp\/v2\/comments?post=16884"}],"version-history":[{"count":2,"href":"https:\/\/www.r2cpress.com.br\/v1\/wp-json\/wp\/v2\/posts\/16884\/revisions"}],"predecessor-version":[{"id":16886,"href":"https:\/\/www.r2cpress.com.br\/v1\/wp-json\/wp\/v2\/posts\/16884\/revisions\/16886"}],"wp:attachment":[{"href":"https:\/\/www.r2cpress.com.br\/v1\/wp-json\/wp\/v2\/media?parent=16884"}],"wp:term":[{"taxonomy":"category","embeddable":true,"href":"https:\/\/www.r2cpress.com.br\/v1\/wp-json\/wp\/v2\/categories?post=16884"},{"taxonomy":"post_tag","embeddable":true,"href":"https:\/\/www.r2cpress.com.br\/v1\/wp-json\/wp\/v2\/tags?post=16884"}],"curies":[{"name":"wp","href":"https:\/\/api.w.org\/{rel}","templated":true}]}}