{"id":16956,"date":"2011-06-05T11:39:10","date_gmt":"2011-06-05T14:39:10","guid":{"rendered":"http:\/\/www.r2cpress.com.br\/v1\/?p=16956"},"modified":"2011-06-05T11:39:10","modified_gmt":"2011-06-05T14:39:10","slug":"combustiveis-ii","status":"publish","type":"post","link":"https:\/\/www.r2cpress.com.br\/v1\/2011\/06\/05\/combustiveis-ii\/","title":{"rendered":"COMBUST\u00cdVEIS II"},"content":{"rendered":"<p>No dia <strong>28-05<\/strong> divulgamos o pre\u00e7o de R$2,59 o litro da gasolina em Vit\u00f3ria da Conquista.<br \/>\n<center><div id=\"attachment_16957\" style=\"width: 255px\" class=\"wp-caption aligncenter\"><a href=\"http:\/\/www.r2cpress.com.br\/v1\/wp-content\/uploads\/GASOLINA-EM-V.-DA-CONQ.-28-05.jpg\"><img aria-describedby=\"caption-attachment-16957\" loading=\"lazy\" src=\"http:\/\/www.r2cpress.com.br\/v1\/wp-content\/uploads\/GASOLINA-EM-V.-DA-CONQ.-28-05-245x300.jpg\" alt=\"\" title=\"GASOLINA EM V. DA CONQ. 28-05\" width=\"245\" height=\"300\" class=\"size-medium wp-image-16957\" srcset=\"https:\/\/www.r2cpress.com.br\/v1\/wp-content\/uploads\/GASOLINA-EM-V.-DA-CONQ.-28-05-245x300.jpg 245w, https:\/\/www.r2cpress.com.br\/v1\/wp-content\/uploads\/GASOLINA-EM-V.-DA-CONQ.-28-05.jpg 433w\" sizes=\"(max-width: 245px) 100vw, 245px\" \/><\/a><p id=\"caption-attachment-16957\" class=\"wp-caption-text\">Clique para AMPLIAR.<\/p><\/div><\/center><\/p>\n<p>Uma semana depois, no dia <strong>03-06<\/strong> voltamos no mesmo posto e o pre\u00e7o agora  \u00e9 de R$-2,49, uma diferen\u00e7a de R$0,10 por litro.<br \/>\n<center><div id=\"attachment_16958\" style=\"width: 237px\" class=\"wp-caption aligncenter\"><a href=\"http:\/\/www.r2cpress.com.br\/v1\/wp-content\/uploads\/GASOLINA-EM-V.-DA-CONQ.-03-06.jpg\"><img aria-describedby=\"caption-attachment-16958\" loading=\"lazy\" src=\"http:\/\/www.r2cpress.com.br\/v1\/wp-content\/uploads\/GASOLINA-EM-V.-DA-CONQ.-03-06-227x300.jpg\" alt=\"\" title=\"GASOLINA EM V. DA CONQ. 03-06\" width=\"227\" height=\"300\" class=\"size-medium wp-image-16958\" srcset=\"https:\/\/www.r2cpress.com.br\/v1\/wp-content\/uploads\/GASOLINA-EM-V.-DA-CONQ.-03-06-227x300.jpg 227w, https:\/\/www.r2cpress.com.br\/v1\/wp-content\/uploads\/GASOLINA-EM-V.-DA-CONQ.-03-06.jpg 433w\" sizes=\"(max-width: 227px) 100vw, 227px\" \/><\/a><p id=\"caption-attachment-16958\" class=\"wp-caption-text\">Clique para AMPLIAR.<\/p><\/div><\/center><\/p>\n<p>Enquanto isto, em Ilh\u00e9us, os famigerados donos de postos baixaram R$0,01 por litro em  um mes.<\/p>\n<p><center><strong>Reclamar a quem, onde????<\/strong><\/center><\/p>\n<p>&#8212;<br \/>\nPC<\/p>\n","protected":false},"excerpt":{"rendered":"<p>No dia 28-05 divulgamos o pre\u00e7o de R$2,59 o litro da gasolina em Vit\u00f3ria da Conquista. Uma semana depois, no dia 03-06 voltamos no mesmo posto e o pre\u00e7o agora \u00e9 de R$-2,49, uma diferen\u00e7a de R$0,10 por litro. Enquanto isto, em Ilh\u00e9us, os famigerados donos de postos baixaram R$0,01 por litro em um mes. [&hellip;]<\/p>\n","protected":false},"author":2,"featured_media":0,"comment_status":"open","ping_status":"open","sticky":false,"template":"","format":"standard","meta":{"_links_to":"","_links_to_target":""},"categories":[10],"tags":[],"_links":{"self":[{"href":"https:\/\/www.r2cpress.com.br\/v1\/wp-json\/wp\/v2\/posts\/16956"}],"collection":[{"href":"https:\/\/www.r2cpress.com.br\/v1\/wp-json\/wp\/v2\/posts"}],"about":[{"href":"https:\/\/www.r2cpress.com.br\/v1\/wp-json\/wp\/v2\/types\/post"}],"author":[{"embeddable":true,"href":"https:\/\/www.r2cpress.com.br\/v1\/wp-json\/wp\/v2\/users\/2"}],"replies":[{"embeddable":true,"href":"https:\/\/www.r2cpress.com.br\/v1\/wp-json\/wp\/v2\/comments?post=16956"}],"version-history":[{"count":2,"href":"https:\/\/www.r2cpress.com.br\/v1\/wp-json\/wp\/v2\/posts\/16956\/revisions"}],"predecessor-version":[{"id":16960,"href":"https:\/\/www.r2cpress.com.br\/v1\/wp-json\/wp\/v2\/posts\/16956\/revisions\/16960"}],"wp:attachment":[{"href":"https:\/\/www.r2cpress.com.br\/v1\/wp-json\/wp\/v2\/media?parent=16956"}],"wp:term":[{"taxonomy":"category","embeddable":true,"href":"https:\/\/www.r2cpress.com.br\/v1\/wp-json\/wp\/v2\/categories?post=16956"},{"taxonomy":"post_tag","embeddable":true,"href":"https:\/\/www.r2cpress.com.br\/v1\/wp-json\/wp\/v2\/tags?post=16956"}],"curies":[{"name":"wp","href":"https:\/\/api.w.org\/{rel}","templated":true}]}}