{"id":16964,"date":"2011-06-05T15:11:18","date_gmt":"2011-06-05T18:11:18","guid":{"rendered":"http:\/\/www.r2cpress.com.br\/v1\/?p=16964"},"modified":"2011-06-05T15:11:18","modified_gmt":"2011-06-05T18:11:18","slug":"palocci-fica-em-situacao-critica-apos-nova-denuncia","status":"publish","type":"post","link":"https:\/\/www.r2cpress.com.br\/v1\/2011\/06\/05\/palocci-fica-em-situacao-critica-apos-nova-denuncia\/","title":{"rendered":"Palocci fica em situa\u00e7\u00e3o cr\u00edtica ap\u00f3s nova den\u00fancia"},"content":{"rendered":"<p>O governo e setores do PT consideram que a situa\u00e7\u00e3o do ministro Antonio Palocci (Casa Civil) acabou se agravando com as recentes declara\u00e7\u00f5es concedidas acerca de suas atividades como consultor. De acordo com integrantes do Pal\u00e1cio do Planalto, a presidente Dilma Rousseff estaria &#8220;desanimada&#8221; com o desempenho do ministro, o que tornaria a sua situa\u00e7\u00e3o &#8220;insustent\u00e1vel&#8221;.<\/p>\n<p>A posi\u00e7\u00e3o de Palocci no governo tornou-se ainda mais fr\u00e1gil ap\u00f3s den\u00fancia da revista &#8220;Veja&#8221; deste final de semana, segundo a qual o ministro pagava aluguel do apartamento onde vive a empresa que estaria em nome de laranjas.<\/p>\n<p><!--more--><\/p>\n<p>Na sexta-feira, o ministro concedeu entrevista ao &#8220;Jornal Nacional&#8221; para explicar as atividades da sua consultoria, a Projeto. Mas, segundo parlamentares da pr\u00f3pria base governista, as declara\u00e7\u00f5es n\u00e3o foram convincentes.<\/p>\n<p>Para interlocutores da presidente, Dilma teria comentado que Palocci ficou devendo respostas sobre os clientes da Projeto, que, segundo ele pr\u00f3prio, foram entre 20 e 25 empresas.<\/p>\n<p>No Planalto j\u00e1 se fala que agora o governo deve entrar num clima de transi\u00e7\u00e3o na \u00e1rea pol\u00edtica. Antes mesmo da entrevista do titular da Casa Civil para tentar esclarecer suspeitas de enriquecimento il\u00edcito, Dilma e auxiliares mais diretos avaliavam que o ministro n\u00e3o conseguiria reverter a sua situa\u00e7\u00e3o pessoal nem a de engessamento do governo.<\/p>\n<p>J\u00e1 circulam no governo nomes para substituir Palocci, entre os quais o da diretora da Petrobras Maria das Gra\u00e7as Foster, cujo perfil \u00e9 considerado semelhante ao da presidente, quando era titular da Casa Civil no governo Luiz In\u00e1cio Lula da Silva. Dilma havia cogitado indic\u00e1-la para o posto na montagem do governo, mas acatou a sugest\u00e3o de Lula, que queria Palocci na vaga. O ministro Paulo Bernardo (Comunica\u00e7\u00f5es) tamb\u00e9m est\u00e1 na lista de cotados, principalmente em raz\u00e3o do seu bom tr\u00e2nsito no Congresso. Outro nome \u00e9 do ministro da Sa\u00fade, Alexandre Padilha, respons\u00e1vel pela articula\u00e7\u00e3o pol\u00edtica na gest\u00e3o Lula. As informa\u00e7\u00f5es s\u00e3o do jornal O Estado de S. Paulo.<\/p>\n<p>&#8212;<br \/>\nAg\u00eancia Estado<br \/>\nNo <a href = \"http:\/\/www.atardeonline.com.br\/politica\/noticia.jsf?id=5731408\" target = \"_news\"><b>A TARDE ON LINE <\/b><\/a><\/p>\n","protected":false},"excerpt":{"rendered":"<p>O governo e setores do PT consideram que a situa\u00e7\u00e3o do ministro Antonio Palocci (Casa Civil) acabou se agravando com as recentes declara\u00e7\u00f5es concedidas acerca de suas atividades como consultor. De acordo com integrantes do Pal\u00e1cio do Planalto, a presidente Dilma Rousseff estaria &#8220;desanimada&#8221; com o desempenho do ministro, o que tornaria a sua situa\u00e7\u00e3o [&hellip;]<\/p>\n","protected":false},"author":2,"featured_media":0,"comment_status":"open","ping_status":"open","sticky":false,"template":"","format":"standard","meta":{"_links_to":"","_links_to_target":""},"categories":[18],"tags":[],"_links":{"self":[{"href":"https:\/\/www.r2cpress.com.br\/v1\/wp-json\/wp\/v2\/posts\/16964"}],"collection":[{"href":"https:\/\/www.r2cpress.com.br\/v1\/wp-json\/wp\/v2\/posts"}],"about":[{"href":"https:\/\/www.r2cpress.com.br\/v1\/wp-json\/wp\/v2\/types\/post"}],"author":[{"embeddable":true,"href":"https:\/\/www.r2cpress.com.br\/v1\/wp-json\/wp\/v2\/users\/2"}],"replies":[{"embeddable":true,"href":"https:\/\/www.r2cpress.com.br\/v1\/wp-json\/wp\/v2\/comments?post=16964"}],"version-history":[{"count":2,"href":"https:\/\/www.r2cpress.com.br\/v1\/wp-json\/wp\/v2\/posts\/16964\/revisions"}],"predecessor-version":[{"id":16966,"href":"https:\/\/www.r2cpress.com.br\/v1\/wp-json\/wp\/v2\/posts\/16964\/revisions\/16966"}],"wp:attachment":[{"href":"https:\/\/www.r2cpress.com.br\/v1\/wp-json\/wp\/v2\/media?parent=16964"}],"wp:term":[{"taxonomy":"category","embeddable":true,"href":"https:\/\/www.r2cpress.com.br\/v1\/wp-json\/wp\/v2\/categories?post=16964"},{"taxonomy":"post_tag","embeddable":true,"href":"https:\/\/www.r2cpress.com.br\/v1\/wp-json\/wp\/v2\/tags?post=16964"}],"curies":[{"name":"wp","href":"https:\/\/api.w.org\/{rel}","templated":true}]}}