{"id":16967,"date":"2011-06-05T17:49:36","date_gmt":"2011-06-05T20:49:36","guid":{"rendered":"http:\/\/www.r2cpress.com.br\/v1\/?p=16967"},"modified":"2011-06-05T17:49:36","modified_gmt":"2011-06-05T20:49:36","slug":"audiencia-publica-discutira-alteracoes-na-lei-ambiental-na-bahia-na-segunda","status":"publish","type":"post","link":"https:\/\/www.r2cpress.com.br\/v1\/2011\/06\/05\/audiencia-publica-discutira-alteracoes-na-lei-ambiental-na-bahia-na-segunda\/","title":{"rendered":"Audi\u00eancia p\u00fablica discutir\u00e1 altera\u00e7\u00f5es na lei ambiental na Bahia na segunda"},"content":{"rendered":"<p><strong>Sess\u00e3o ser\u00e1 na sede do Minist\u00e9rio P\u00fablico, \u00e0s 14h, em Salvador.<br \/>\nSer\u00e1 analisada um projeto de lei em tramita\u00e7\u00e3o na Assembleia Legislativa.<\/strong><\/p>\n<p>A reforma da lei ambiental da Bahia ser\u00e1 discutida em audi\u00eancia aberta ao p\u00fablico na segunda-feira (6), \u00e0s 14h, na sede do Minist\u00e9rio P\u00fablico estadual, em Salvador.<\/p>\n<p>De acordo com o MP, o projeto de lei est\u00e1 em tr\u00e2mite na Assembleia Legislativa e n\u00e3o contou com a participa\u00e7\u00e3o popular. O objetivo \u00e9 aprofundar as an\u00e1lises sobre o projeto de lei que altera o Sistema Estadual de Meio Ambiente e Recursos H\u00eddricos.<\/p>\n<p>Estar\u00e3o na ocasi\u00e3o os promotores de Justi\u00e7a do Meio Ambiente Hort\u00eansia Pinho, S\u00e9rgio Mendes, Cristina Seixas, Ana Vit\u00f3ria Gouveia, Luciana Khoury, entre outros.<\/p>\n<p>&#8212;<br \/>\nDo <a href = \"http:\/\/g1.globo.com\/bahia\/noticia\/2011\/06\/audiencia-publica-discutira-alteracoes-na-lei-ambiental-na-bahia-na-segunda.html\" target = \"_news\"><b>G1 BA<\/b><\/a><\/p>\n","protected":false},"excerpt":{"rendered":"<p>Sess\u00e3o ser\u00e1 na sede do Minist\u00e9rio P\u00fablico, \u00e0s 14h, em Salvador. Ser\u00e1 analisada um projeto de lei em tramita\u00e7\u00e3o na Assembleia Legislativa. A reforma da lei ambiental da Bahia ser\u00e1 discutida em audi\u00eancia aberta ao p\u00fablico na segunda-feira (6), \u00e0s 14h, na sede do Minist\u00e9rio P\u00fablico estadual, em Salvador. De acordo com o MP, o [&hellip;]<\/p>\n","protected":false},"author":2,"featured_media":0,"comment_status":"open","ping_status":"open","sticky":false,"template":"","format":"standard","meta":{"_links_to":"","_links_to_target":""},"categories":[13],"tags":[],"_links":{"self":[{"href":"https:\/\/www.r2cpress.com.br\/v1\/wp-json\/wp\/v2\/posts\/16967"}],"collection":[{"href":"https:\/\/www.r2cpress.com.br\/v1\/wp-json\/wp\/v2\/posts"}],"about":[{"href":"https:\/\/www.r2cpress.com.br\/v1\/wp-json\/wp\/v2\/types\/post"}],"author":[{"embeddable":true,"href":"https:\/\/www.r2cpress.com.br\/v1\/wp-json\/wp\/v2\/users\/2"}],"replies":[{"embeddable":true,"href":"https:\/\/www.r2cpress.com.br\/v1\/wp-json\/wp\/v2\/comments?post=16967"}],"version-history":[{"count":2,"href":"https:\/\/www.r2cpress.com.br\/v1\/wp-json\/wp\/v2\/posts\/16967\/revisions"}],"predecessor-version":[{"id":16969,"href":"https:\/\/www.r2cpress.com.br\/v1\/wp-json\/wp\/v2\/posts\/16967\/revisions\/16969"}],"wp:attachment":[{"href":"https:\/\/www.r2cpress.com.br\/v1\/wp-json\/wp\/v2\/media?parent=16967"}],"wp:term":[{"taxonomy":"category","embeddable":true,"href":"https:\/\/www.r2cpress.com.br\/v1\/wp-json\/wp\/v2\/categories?post=16967"},{"taxonomy":"post_tag","embeddable":true,"href":"https:\/\/www.r2cpress.com.br\/v1\/wp-json\/wp\/v2\/tags?post=16967"}],"curies":[{"name":"wp","href":"https:\/\/api.w.org\/{rel}","templated":true}]}}