{"id":17178,"date":"2011-06-08T06:45:25","date_gmt":"2011-06-08T09:45:25","guid":{"rendered":"http:\/\/www.r2cpress.com.br\/v1\/?p=17178"},"modified":"2011-06-08T06:45:25","modified_gmt":"2011-06-08T09:45:25","slug":"carlos-pereira-em-palocci-e-uma-laranja-madura","status":"publish","type":"post","link":"https:\/\/www.r2cpress.com.br\/v1\/2011\/06\/08\/carlos-pereira-em-palocci-e-uma-laranja-madura\/","title":{"rendered":"Carlos Pereira em: PALOCCI \u00c9 UMA LARANJA madura"},"content":{"rendered":"<p><img loading=\"lazy\" class=\"alignleft\" src=\"http:\/\/www.r2cpress.com.br\/v1\/wp-content\/uploads\/Carlos-pereira-neto2.jpg\" alt=\"\" width=\"300\" height=\"133\" \/>O t\u00edtulo deste artigo poderia ser \u201cPalocci \u00e9 um jabuti qualificado\u201d ou \u201cP\u00e9rsio Arida e Palocci s\u00e3o farinhas do mesmo saco\u201d, entretanto, creio, que o t\u00edtulo escolhido sintetiza os demais, ou melhor, est\u00e3o contidos nele. Afinal, o povo brasileiro gosta \u00e9 do governo de Dilma e n\u00e3o de Palocci, existe muita esmola na sacola deste e n\u00e3o existe milagre n\u00e3o, o povo desconfia&#8230; <strong>Gosta de Maria Rosa e n\u00e3o quer prosa com Rosa Maria.<\/strong><\/p>\n<p>\u00c9 da cultura pol\u00edtica mineira a express\u00e3o \u201cjabuti em p\u00e9 de goiaba, ou \u00e9 enchente ou algu\u00e9m colocou\u201d. Palocci \u00e9 um jabuti diferenciado e, portanto, qualificado. \u00c9 c\u00e1gado que virou tartaruga, entrou na \u00e1gua e facilitou que lhe pusessem na goiabeira. A esquerda autentica diria que \u00e9 um caso da doen\u00e7a senil de \u201cdegeneresc\u00eancia ideol\u00f3gica\u201d, em vez de querer distribuir riqueza resolveu acumular para si. A imprensa quer atingir o governo Dilma atrav\u00e9s de Palocci, \u00e9 um uso do fato de maneira mesquinha, seletiva e desproporcional, mas o enriquecimento do ministro \u00e9 factual, n\u00e3o desmentido, legal ou n\u00e3o, \u00e9 imoral. Um caso t\u00edpico de degeneresc\u00eancia. Quantos outros deputados da esquerda, do PT ou n\u00e3o, ficaram ricos, em t\u00e3o pouco tempo, atrav\u00e9s de consultorias? Pode at\u00e9 ser legal, mas significa uma mudan\u00e7a de concep\u00e7\u00e3o de mundo.<\/p>\n<p><!--more--><\/p>\n<p>Palocci \u00e9 uma laranja bichada e sua vida particular est\u00e1 sendo utilizada para atingir o governo. N\u00e3o pode mais continuar ministro. A sua op\u00e7\u00e3o de enriquecer tornou-se incompat\u00edvel com os destinos do governo ao qual pertence. Este \u00e9 muito maior do que ele. Seu caso \u00e9 not\u00edcia, mas jamais, em nenhuma circunst\u00e2ncia, pode ter uma dimens\u00e3o maior do o <strong>PROGRAMA DE ERRADICA\u00c7\u00c3O DA MIS\u00c9RIA.<\/strong><\/p>\n<p><strong><\/strong>O discurso da Presidenta Dilma Roussef na inaugura\u00e7\u00e3o da Plataforma P-54 foi, em si, um projeto de pa\u00eds e este n\u00e3o pode entrar no mesmo saco de planos de Palocci e P\u00e9rsio Arida.<\/p>\n<p>Dos artigos que li sobre o \u201cesc\u00e2ndalo\u201d, o artigo <a href=\"http:\/\/www1.folha.uol.com.br\/fsp\/opiniao\/fz0306201107.htm\" target=\"_blank\"><strong>A miss\u00e3o e o momento<\/strong><\/a>, do Prof. Bresser Pereira foi um dos que mais foi no \u00e2mago do assunto, \u00e9 comovente pela sua objetividade, honestidade e patriotismo. Reproduzo um pequeno trecho:<\/p>\n<p>\u201c<strong>Dirijo-me \u00e0 senhora agora, presidente, porque vejo seu governo amea\u00e7ado pelo caso Palocci; n\u00e3o deixe seu grande momento na pol\u00edtica escapar <\/strong><\/p>\n<p><strong>Presidente Dilma, nada \u00e9 hoje mais importante para os brasileiros do que o bom \u00eaxito do seu governo<\/strong><\/p>\n<p><strong> Como um deles, tor\u00e7o para que a senhora entregue o poder para seu sucessor reconhecida por todos.<\/p>\n<p>Ningu\u00e9m deseja mais esse resultado do que a senhora mesma, porque \u00e9 natural que almejemos o sucesso de nossos empreendimentos. E porque a senhora deixou claro em sua vida p\u00fablica seu compromisso com o bem p\u00fablico; porque n\u00e3o escolheu a vida pol\u00edtica para ficar rica ou para gozar o poder em nome do pr\u00f3prio poder, mas para contribuir para a constru\u00e7\u00e3o de um Brasil mais pr\u00f3spero, mais democr\u00e1tico e menos injusto.(&#8230;)<\/strong><\/p>\n<p><strong> Agora, me dirijo \u00e0 senhora porque vejo seu governo enfraquecido e amea\u00e7ado pelo caso Palocci. O ministro estaria sendo injusti\u00e7ado pela imprensa, a come\u00e7ar por esta\u00a0Folha? N\u00e3o creio, seu enriquecimento s\u00fabito s\u00f3 pode ser explicado por tr\u00e1fego de influ\u00eancia.\u201d<\/strong><\/p>\n<p>Discordo do professor no tocante \u00e0 Folha, ela nunca tratou os ministros do tucanato com o mesmo rigor e insist\u00eancia (teve gente que enriqueceu muito mais do que o ministro petista), mas o enriquecimento do Palocci \u00e9 pouco comum. Pode n\u00e3o ter sido ilegal, mas os seus caminhos privados s\u00e3o contradit\u00f3rios com a vida p\u00fablica. Politicamente, Palocci \u00e9 uma laranja bichada.<\/p>\n<p>Os caminhos do Governo Dilma dependem o desfecho do caso Palocci. A sua sa\u00edda n\u00e3o significa ceder \u00e0 oposi\u00e7\u00e3o, mas, pelo contr\u00e1rio, vai arejar o ambiente, para ele n\u00e3o ser contaminado pela laranja bichada e cheia de marimbondo no p\u00e9.<\/p>\n<p><strong>O povo gosta de Maria Rosa e n\u00e3o quer prosa com Rosa Maria!<\/strong><\/p>\n<p>Este artigo foi escrito na v\u00e9spera da sa\u00edda do Palocci, na segunda-feira, mas um erro na digita\u00e7\u00e3o do t\u00edtulo fez com que n\u00e3o fosse publicado. Diante da sua atualidade premonit\u00f3ria, pedi ao amigo Rabat que o postasse.<\/p>\n<p>A Presidenta Dilma,( para infelicidade de Miriam Leit\u00e3o,que hoje vaticinou que a presidenta est\u00e1 mais fraca e cuja compet\u00eancia administrativa seria fruto de marquetingue), mais uma vez, provou que a urubul\u00f3ga do Globo, n\u00e3o acerta uma (cad\u00ea a infla\u00e7\u00e3o?). A Presidenta mostrou o seu DNA, assim como soube escolher o excelente Ministro Luiz Fux para o STF, agora, com maestria, escolheu a bela e competente Senadora Gleisi Hoffmann, justamente a que teve a coragem em reuni\u00e3o no Planalto de demonstrar a incompatibilidade dos ganhos de Palocci com um projeto pol\u00edtico coletivo.<strong><\/p>\n<p><\/strong><\/p>\n","protected":false},"excerpt":{"rendered":"<p>O t\u00edtulo deste artigo poderia ser \u201cPalocci \u00e9 um jabuti qualificado\u201d ou \u201cP\u00e9rsio Arida e Palocci s\u00e3o farinhas do mesmo saco\u201d, entretanto, creio, que o t\u00edtulo escolhido sintetiza os demais, ou melhor, est\u00e3o contidos nele. Afinal, o povo brasileiro gosta \u00e9 do governo de Dilma e n\u00e3o de Palocci, existe muita esmola na sacola deste [&hellip;]<\/p>\n","protected":false},"author":2,"featured_media":0,"comment_status":"open","ping_status":"open","sticky":false,"template":"","format":"standard","meta":{"_links_to":"","_links_to_target":""},"categories":[10],"tags":[],"_links":{"self":[{"href":"https:\/\/www.r2cpress.com.br\/v1\/wp-json\/wp\/v2\/posts\/17178"}],"collection":[{"href":"https:\/\/www.r2cpress.com.br\/v1\/wp-json\/wp\/v2\/posts"}],"about":[{"href":"https:\/\/www.r2cpress.com.br\/v1\/wp-json\/wp\/v2\/types\/post"}],"author":[{"embeddable":true,"href":"https:\/\/www.r2cpress.com.br\/v1\/wp-json\/wp\/v2\/users\/2"}],"replies":[{"embeddable":true,"href":"https:\/\/www.r2cpress.com.br\/v1\/wp-json\/wp\/v2\/comments?post=17178"}],"version-history":[{"count":4,"href":"https:\/\/www.r2cpress.com.br\/v1\/wp-json\/wp\/v2\/posts\/17178\/revisions"}],"predecessor-version":[{"id":17182,"href":"https:\/\/www.r2cpress.com.br\/v1\/wp-json\/wp\/v2\/posts\/17178\/revisions\/17182"}],"wp:attachment":[{"href":"https:\/\/www.r2cpress.com.br\/v1\/wp-json\/wp\/v2\/media?parent=17178"}],"wp:term":[{"taxonomy":"category","embeddable":true,"href":"https:\/\/www.r2cpress.com.br\/v1\/wp-json\/wp\/v2\/categories?post=17178"},{"taxonomy":"post_tag","embeddable":true,"href":"https:\/\/www.r2cpress.com.br\/v1\/wp-json\/wp\/v2\/tags?post=17178"}],"curies":[{"name":"wp","href":"https:\/\/api.w.org\/{rel}","templated":true}]}}