{"id":17217,"date":"2011-06-08T17:16:24","date_gmt":"2011-06-08T20:16:24","guid":{"rendered":"http:\/\/www.r2cpress.com.br\/v1\/?p=17217"},"modified":"2011-06-08T17:16:24","modified_gmt":"2011-06-08T20:16:24","slug":"opus-dei-8","status":"publish","type":"post","link":"https:\/\/www.r2cpress.com.br\/v1\/2011\/06\/08\/opus-dei-8\/","title":{"rendered":"OPUS DEI"},"content":{"rendered":"<p><center><img src = \"http:\/\/www.r2cpress.com.br\/v1\/wp-content\/uploads\/opusdei_0.jpg\"\/><br \/>\n<strong>BOLETIM 08 de junho de 2011<\/strong><\/center><\/p>\n<p>A carta mensal do Prelado enviada no boletim de not\u00edcias. Document\u00e1rio internacional &#8220;Inspirados para amar&#8221; na Internet. Editorial sobre santifica\u00e7\u00e3o do trabalho.<br \/>\n<strong>TESTEMUNHOS<\/strong><br \/>\nDeus n\u00e3o vai tomar cafezinho<br \/>\nAna engravidou pouco depois de se casar. Com apenas 6 semanas, fez uma ultrassonografia: \u201ca da expectativa\u201d, como eles chamam. A segunda, com 12 semanas, \u201ca da d\u00favida\u201d, afirma Tom\u00e1s: como m\u00e9dico radiologista chamou-lhe aten\u00e7\u00e3o as dimens\u00f5es das extremidades do feto&#8230; <a href = \"http:\/\/www.opusdei.org.br\/art.php?p=44094\" target = \"_news\"><b>[+]<\/b><\/a><br \/>\n<strong>DO PRELADO<\/strong><br \/>\nCarta do Prelado (junho 2011)<br \/>\nAdorar a Deus \u00e9 uma atitude que engrandece o homem. O Prelado assim o explica em sua Carta de junho na qual aprofunda sobre o valor da Eucaristia. <a href = \"http:\/\/www.opusdei.org.br\/art.php?p=44213\" target = \"_news\"><b>[+]<\/b><\/a><br \/>\n<strong>NOT\u00cdCIAS<\/strong><br \/>\nAmig@s &#8220;Inspirados para amar&#8221;<br \/>\nO document\u00e1rio internacional \u201cInspirados para amar\u201d est\u00e1 crescendo nas redes sociais. Pode ser visto em www.inspiradosparaamar.org e colocar o seu <strong>depoimento. <a href = \"http:\/\/www.opusdei.org.br\/art.php?p=44185\" target = \"_news\"><b>[+]<\/b><\/a><br \/>\nCULTIVAR A F\u00c9<\/strong><br \/>\nVida de Maria (IV): Os esponsais com Jos\u00e9<br \/>\nQuando a vida de Maria e a de Jos\u00e9 se unem, o cume da hist\u00f3ria est\u00e1 mais pr\u00f3ximo do que nunca. A cena do matrim\u00f4nio ocupa o quarto artigo da &#8220;Vida da Virgem&#8221;. <a href = \"http:\/\/www.opusdei.org.br\/art.php?p=44032\" target = \"_news\"><b>[+]<\/b><\/a><br \/>\n<em>Trabalhar com consci\u00eancia<\/em><br \/>\nPara quem deseja ser santo, trabalhar n\u00e3o basta: tem de trabalhar bem, esfor\u00e7ando-se, aceitando os fracassos e aprendendo a viver as virtudes, como a paci\u00eancia e a caridade, na sua atividade di\u00e1ria. Editorial sobre a santifica\u00e7\u00e3o do trabalho. <a href = \"http:\/\/www.opusdei.org.br\/art.php?p=44125\" target = \"_news\"><b>[+]<\/b><\/a><br \/>\n<strong>MULTIM\u00cdDIA<\/strong><br \/>\n&#8220;Inspirados para amar&#8221;: S\u00e3o Josemaria 2.0<br \/>\nApresentamos o trailer de um novo v\u00eddeo document\u00e1rio sobre o Fundador do Opus Dei intitulado \u201cInspirados para amar. Di\u00e1logo com S\u00e3o Josemaria\u201d. <a href = \"http:\/\/www.opusdei.org.br\/art.php?p=44184\" target = \"_news\"><b>[+]<\/b><\/a><\/p>\n","protected":false},"excerpt":{"rendered":"<p>BOLETIM 08 de junho de 2011 A carta mensal do Prelado enviada no boletim de not\u00edcias. Document\u00e1rio internacional &#8220;Inspirados para amar&#8221; na Internet. Editorial sobre santifica\u00e7\u00e3o do trabalho. TESTEMUNHOS Deus n\u00e3o vai tomar cafezinho Ana engravidou pouco depois de se casar. Com apenas 6 semanas, fez uma ultrassonografia: \u201ca da expectativa\u201d, como eles chamam. A [&hellip;]<\/p>\n","protected":false},"author":2,"featured_media":0,"comment_status":"open","ping_status":"open","sticky":false,"template":"","format":"standard","meta":{"_links_to":"","_links_to_target":""},"categories":[28],"tags":[],"_links":{"self":[{"href":"https:\/\/www.r2cpress.com.br\/v1\/wp-json\/wp\/v2\/posts\/17217"}],"collection":[{"href":"https:\/\/www.r2cpress.com.br\/v1\/wp-json\/wp\/v2\/posts"}],"about":[{"href":"https:\/\/www.r2cpress.com.br\/v1\/wp-json\/wp\/v2\/types\/post"}],"author":[{"embeddable":true,"href":"https:\/\/www.r2cpress.com.br\/v1\/wp-json\/wp\/v2\/users\/2"}],"replies":[{"embeddable":true,"href":"https:\/\/www.r2cpress.com.br\/v1\/wp-json\/wp\/v2\/comments?post=17217"}],"version-history":[{"count":7,"href":"https:\/\/www.r2cpress.com.br\/v1\/wp-json\/wp\/v2\/posts\/17217\/revisions"}],"predecessor-version":[{"id":17224,"href":"https:\/\/www.r2cpress.com.br\/v1\/wp-json\/wp\/v2\/posts\/17217\/revisions\/17224"}],"wp:attachment":[{"href":"https:\/\/www.r2cpress.com.br\/v1\/wp-json\/wp\/v2\/media?parent=17217"}],"wp:term":[{"taxonomy":"category","embeddable":true,"href":"https:\/\/www.r2cpress.com.br\/v1\/wp-json\/wp\/v2\/categories?post=17217"},{"taxonomy":"post_tag","embeddable":true,"href":"https:\/\/www.r2cpress.com.br\/v1\/wp-json\/wp\/v2\/tags?post=17217"}],"curies":[{"name":"wp","href":"https:\/\/api.w.org\/{rel}","templated":true}]}}