{"id":17231,"date":"2011-06-08T18:12:17","date_gmt":"2011-06-08T21:12:17","guid":{"rendered":"http:\/\/www.r2cpress.com.br\/v1\/?p=17231"},"modified":"2011-06-08T18:12:17","modified_gmt":"2011-06-08T21:12:17","slug":"conselho-municipal-de-seguranca-publica-do-centro-da-cidade-e-adjacencias","status":"publish","type":"post","link":"https:\/\/www.r2cpress.com.br\/v1\/2011\/06\/08\/conselho-municipal-de-seguranca-publica-do-centro-da-cidade-e-adjacencias\/","title":{"rendered":"CONSELHO MUNICIPAL DE SEGURAN\u00c7A P\u00daBLICA DO CENTRO DA CIDADE E ADJAC\u00caNCIAS"},"content":{"rendered":"<p><div id=\"attachment_17232\" style=\"width: 310px\" class=\"wp-caption alignleft\"><a href=\"http:\/\/www.r2cpress.com.br\/v1\/wp-content\/uploads\/SAM_0117.jpg\"><img aria-describedby=\"caption-attachment-17232\" loading=\"lazy\" src=\"http:\/\/www.r2cpress.com.br\/v1\/wp-content\/uploads\/SAM_0117-300x132.jpg\" alt=\"\" title=\"SAM_0117\" width=\"300\" height=\"132\" class=\"size-medium wp-image-17232\" srcset=\"https:\/\/www.r2cpress.com.br\/v1\/wp-content\/uploads\/SAM_0117-300x132.jpg 300w, https:\/\/www.r2cpress.com.br\/v1\/wp-content\/uploads\/SAM_0117.jpg 640w\" sizes=\"(max-width: 300px) 100vw, 300px\" \/><\/a><p id=\"caption-attachment-17232\" class=\"wp-caption-text\">Clique para AMPLIAR.<\/p><\/div>Na \u00faltima Ter\u00e7a-Feira (31), representantes de diversas entidades, atendendo convite da 68\u00aa Companhia Independente da Pol\u00edcia Militar, se reuniram no Audit\u00f3rio do pr\u00e9dio da Justi\u00e7a Federal, para discutirem a cria\u00e7\u00e3o do CONSELHO DE SEGURAN\u00c7A P\u00daBLICA DO CENTRO DA CIDADE DE ILH\u00c9US E ADJAC\u00caNCIAS (Malhado, Conquista, Av. Princesa Isabel, Tapera, Alto do Pacheco e Alto S\u00e3o Sebasti\u00e3o). Esta foi \u00e0 segunda reuni\u00e3o neste sentido. Idealizado pelo MAJOR PMBA Gustavo Henrique Dantas Rebou\u00e7as, Comandante da 68\u00aa Companhia Independente da Pol\u00edcia Militar.<\/p>\n<p>Entidade de direito privado sem fins lucrativos, com sede e foro na cidade de Ilh\u00e9us, no Estado da Bahia, de dura\u00e7\u00e3o indeterminada , com n\u00famero de participantes ilimitado, que tem por finalidade ser o canal de comunica\u00e7\u00e3o entre o Sistema de Seguran\u00e7a P\u00fablica e de Defesa Social e o cidad\u00e3o &#8211; cliente , com vistas \u00e0 parceria nas atividades de preserva\u00e7\u00e3o da ordem p\u00fablica.<\/p>\n<p><!--more--><\/p>\n<p>O Conselho Comunit\u00e1rio de Seguran\u00e7a P\u00fablica do Centro e Adjac\u00eancias\/Ba, coordenar\u00e1 a participa\u00e7\u00e3o da comunidade local e segmentos organizados da sociedade nas atividades de Seguran\u00e7a P\u00fablica. <\/p>\n<p>A Guarda Civil Municipal de Ilh\u00e9us participar\u00e1 do Conselho Seletivo que ter\u00e1 ainda representantes de institui\u00e7\u00f5es como: Pol\u00edcia Militar, Policia Civil, Pol\u00edcia Federal, Minist\u00e9rio P\u00fablico, Poder Judici\u00e1rio e da OAB.<\/p>\n<p>A reuni\u00e3o contou com a presen\u00e7a do Diretor Regional da Federa\u00e7\u00e3o dos Conselhos de Seguran\u00e7a do Estado da Bahia, Sr. F\u00e1bio Santos. No pr\u00f3ximo dia 14 de Junho, no Audit\u00f3rio da CDL de Ilh\u00e9us, a partir das 17:00hs, acontecer\u00e1 a Assembl\u00e9ia Geral para aprova\u00e7\u00e3o do Estatuto, elei\u00e7\u00e3o e posse da Diretoria Executiva e Conselho Fiscal. Todos os interessados poder\u00e3o formar chapas para concorrer \u00e0 Diretoria e Conselho Fiscal. Se poss\u00edvel, \u00e9 aconselh\u00e1vel que se crie uma chapa de consenso, sendo imprescind\u00edvel a presen\u00e7a de todos.<\/p>\n<p>GCM NASCIMENTO<\/p>\n","protected":false},"excerpt":{"rendered":"<p>Na \u00faltima Ter\u00e7a-Feira (31), representantes de diversas entidades, atendendo convite da 68\u00aa Companhia Independente da Pol\u00edcia Militar, se reuniram no Audit\u00f3rio do pr\u00e9dio da Justi\u00e7a Federal, para discutirem a cria\u00e7\u00e3o do CONSELHO DE SEGURAN\u00c7A P\u00daBLICA DO CENTRO DA CIDADE DE ILH\u00c9US E ADJAC\u00caNCIAS (Malhado, Conquista, Av. Princesa Isabel, Tapera, Alto do Pacheco e Alto S\u00e3o [&hellip;]<\/p>\n","protected":false},"author":2,"featured_media":0,"comment_status":"open","ping_status":"open","sticky":false,"template":"","format":"standard","meta":{"_links_to":"","_links_to_target":""},"categories":[25],"tags":[],"_links":{"self":[{"href":"https:\/\/www.r2cpress.com.br\/v1\/wp-json\/wp\/v2\/posts\/17231"}],"collection":[{"href":"https:\/\/www.r2cpress.com.br\/v1\/wp-json\/wp\/v2\/posts"}],"about":[{"href":"https:\/\/www.r2cpress.com.br\/v1\/wp-json\/wp\/v2\/types\/post"}],"author":[{"embeddable":true,"href":"https:\/\/www.r2cpress.com.br\/v1\/wp-json\/wp\/v2\/users\/2"}],"replies":[{"embeddable":true,"href":"https:\/\/www.r2cpress.com.br\/v1\/wp-json\/wp\/v2\/comments?post=17231"}],"version-history":[{"count":2,"href":"https:\/\/www.r2cpress.com.br\/v1\/wp-json\/wp\/v2\/posts\/17231\/revisions"}],"predecessor-version":[{"id":17234,"href":"https:\/\/www.r2cpress.com.br\/v1\/wp-json\/wp\/v2\/posts\/17231\/revisions\/17234"}],"wp:attachment":[{"href":"https:\/\/www.r2cpress.com.br\/v1\/wp-json\/wp\/v2\/media?parent=17231"}],"wp:term":[{"taxonomy":"category","embeddable":true,"href":"https:\/\/www.r2cpress.com.br\/v1\/wp-json\/wp\/v2\/categories?post=17231"},{"taxonomy":"post_tag","embeddable":true,"href":"https:\/\/www.r2cpress.com.br\/v1\/wp-json\/wp\/v2\/tags?post=17231"}],"curies":[{"name":"wp","href":"https:\/\/api.w.org\/{rel}","templated":true}]}}