{"id":17279,"date":"2011-06-09T09:22:23","date_gmt":"2011-06-09T12:22:23","guid":{"rendered":"http:\/\/www.r2cpress.com.br\/v1\/?p=17279"},"modified":"2011-06-09T09:22:23","modified_gmt":"2011-06-09T12:22:23","slug":"%e2%80%9ca-justica-e-soberana%e2%80%9d","status":"publish","type":"post","link":"https:\/\/www.r2cpress.com.br\/v1\/2011\/06\/09\/%e2%80%9ca-justica-e-soberana%e2%80%9d\/","title":{"rendered":"\u201cA JUSTI\u00c7A \u00c9 SOBERANA?\u201d"},"content":{"rendered":"<p>De: ROMILSON A. SANTOS <milson_santos65 @hotmail.com><br \/>\nAssunto: &#8220;A JUSTI\u00c7A \u00c9 SOBERANA?&#8221;<\/p>\n<p>Corpo da mensagem:<br \/>\n\u201cA JUSTI\u00c7A \u00c9 SOBERANA?\u201d<\/p>\n<p>Meus caros amigos,<\/p>\n<p>Estou indignado com a decis\u00e3o do Supremo Tribunal Federal com rela\u00e7\u00e3o \u00e0 extradi\u00e7\u00e3o do TERRORISTA italiano C\u00e9sare Battisti. N\u00e3o bastasse o sem n\u00fameros de bandidos existentes em nosso pa\u00eds, sejam eles meros ladr\u00f5es de carteiras ou os mais gananciosos pol\u00edticos das variadas esferas, que diariamente vemos envolvidos em golpes milion\u00e1rios  de desvio de verbas p\u00fablicas ou crimes de colarinho branco dos mais diversos,  somos obrigados a abrigar mais um. At\u00e9 onde sei a It\u00e1lia \u00e9 um Estado Democr\u00e1tico de Direito, onde impera a democracia e os seus cidad\u00e3os s\u00e3o julgados conforme as leis daquele pa\u00eds. Enfim, se o bandido, pois j\u00e1 foi julgado e condenado, deve \u00e0quela justi\u00e7a, o qu\u00ea n\u00f3s temos a ver com tal problema? Ser\u00e1 que por tr\u00e1s de tal atitude n\u00e3o existe a toler\u00e2ncia pelo fato do mesmo ser um ativista pol\u00edtico de esquerda? Ser\u00e1 que se fosse de direita teria o mesmo tratamento por parte do ex-presidente de \u201crefugi\u00e1-lo\u201d, com o tratamento no m\u00ednimo \u201csimp\u00e1tico\u201d que dispensou para com ele?<br \/>\nTudo acabou na mais alta C\u00f4rte de Justi\u00e7a do nosso pa\u00eds. O TERRORISTA  agora \u00e9 um cidad\u00e3o livre para banhar-se sob \u201cO SOL DA LIBERDADE EM RAIOS F\u00daLGIDOS&#8230;.\u201d. O que me preocupa \u00e9 que, para fazer parte da mais importante Casa de Justi\u00e7a do Brasil, os candidatos precisam ter apenas uma carreira ligada a \u00e1rea jur\u00eddica e depois basta  ser indicado pelo Presidente da Rep\u00fablica. Ap\u00f3s isso, ser\u00e1 que ele ter\u00e1 autonomia para decidir sobre fatos pol\u00edticos que possam ser contr\u00e1rios \u00e0s decis\u00f5es do Presidente da Rep\u00fablica? Como diria um jurista do qual n\u00e3o me recordo o nome no momento; SE N\u00c3O, N\u00c3O, SE SIM, TALVEZ. Ou seja, se a decis\u00e3o do STF fosse N\u00c3O, de negar a extradi\u00e7\u00e3o(como foi), seria favor\u00e1vel \u00e0 decis\u00e3o do Presidente e estaria correta, se fosse SIM, de extradit\u00e1-lo, contr\u00e1ria \u00e0 decis\u00e3o do Presidente \u201cTALVEZ\u201d fosse correta, pois a decis\u00e3o final ainda seria a do Presidente?<br \/>\nO que mais merece a nossa aprecia\u00e7\u00e3o em tal assunto \u00e9 o fato de qu\u00ea, por tr\u00e1s de um Presidente da Rep\u00fablica, o momento pol\u00edtico nos deixa isso bastante claro, sempre h\u00e1 um Partido Pol\u00edtico. Dessa forma podemos refletir acerca da \u201cSoberania da Justi\u00e7a\u201d no Brasil e at\u00e9 que ponto ela \u00e9 livre e devemos confiar. O resultado de tudo isso \u00e9 mais uma imagem negativa para nosso pa\u00eds perante o resto do mundo, e a imensa sensa\u00e7\u00e3o de impunidade que impera por aqui far\u00e1, certamente, com que mais fatos como esse venham a ocorrer.<\/p>\n<p>&#8212;<br \/>\nEsta mensagem foi enviada atrav\u00e9s do formul\u00e1rio de contato do site R2CPRESS | A Letra Fria da Verdade http:\/\/www.r2cpress.com.br\/v1<\/milson_santos65><\/p>\n","protected":false},"excerpt":{"rendered":"<p>De: ROMILSON A. SANTOS Assunto: &#8220;A JUSTI\u00c7A \u00c9 SOBERANA?&#8221; Corpo da mensagem: \u201cA JUSTI\u00c7A \u00c9 SOBERANA?\u201d Meus caros amigos, Estou indignado com a decis\u00e3o do Supremo Tribunal Federal com rela\u00e7\u00e3o \u00e0 extradi\u00e7\u00e3o do TERRORISTA italiano C\u00e9sare Battisti. N\u00e3o bastasse o sem n\u00fameros de bandidos existentes em nosso pa\u00eds, sejam eles meros ladr\u00f5es de carteiras ou [&hellip;]<\/p>\n","protected":false},"author":2,"featured_media":0,"comment_status":"open","ping_status":"open","sticky":false,"template":"","format":"standard","meta":{"_links_to":"","_links_to_target":""},"categories":[10],"tags":[],"_links":{"self":[{"href":"https:\/\/www.r2cpress.com.br\/v1\/wp-json\/wp\/v2\/posts\/17279"}],"collection":[{"href":"https:\/\/www.r2cpress.com.br\/v1\/wp-json\/wp\/v2\/posts"}],"about":[{"href":"https:\/\/www.r2cpress.com.br\/v1\/wp-json\/wp\/v2\/types\/post"}],"author":[{"embeddable":true,"href":"https:\/\/www.r2cpress.com.br\/v1\/wp-json\/wp\/v2\/users\/2"}],"replies":[{"embeddable":true,"href":"https:\/\/www.r2cpress.com.br\/v1\/wp-json\/wp\/v2\/comments?post=17279"}],"version-history":[{"count":2,"href":"https:\/\/www.r2cpress.com.br\/v1\/wp-json\/wp\/v2\/posts\/17279\/revisions"}],"predecessor-version":[{"id":17281,"href":"https:\/\/www.r2cpress.com.br\/v1\/wp-json\/wp\/v2\/posts\/17279\/revisions\/17281"}],"wp:attachment":[{"href":"https:\/\/www.r2cpress.com.br\/v1\/wp-json\/wp\/v2\/media?parent=17279"}],"wp:term":[{"taxonomy":"category","embeddable":true,"href":"https:\/\/www.r2cpress.com.br\/v1\/wp-json\/wp\/v2\/categories?post=17279"},{"taxonomy":"post_tag","embeddable":true,"href":"https:\/\/www.r2cpress.com.br\/v1\/wp-json\/wp\/v2\/tags?post=17279"}],"curies":[{"name":"wp","href":"https:\/\/api.w.org\/{rel}","templated":true}]}}