{"id":17304,"date":"2011-06-09T15:03:00","date_gmt":"2011-06-09T18:03:00","guid":{"rendered":"http:\/\/www.r2cpress.com.br\/v1\/?p=17304"},"modified":"2011-06-09T15:03:00","modified_gmt":"2011-06-09T18:03:00","slug":"seminario-sobre-complexo-intermodal-dia-19-08-2011-em-ilheus","status":"publish","type":"post","link":"https:\/\/www.r2cpress.com.br\/v1\/2011\/06\/09\/seminario-sobre-complexo-intermodal-dia-19-08-2011-em-ilheus\/","title":{"rendered":"SEMIN\u00c1RIO SOBRE COMPLEXO INTERMODAL DIA 19.08.2011, EM ILH\u00c9US"},"content":{"rendered":"<p>A Comiss\u00e3o do Complexo Intermodal da Ferrovia Oeste-Leste e Porto Sul<br \/>\nda Assembl\u00e9ia Legislativa da Bahia, vai realizar, no dia 19 de agosto<br \/>\npr\u00f3ximo, na Cidade de Ilh\u00e9us, em local e hora a serem definidos, um<br \/>\nSemin\u00e1rio para discutir o empreendimento.<\/p>\n<p>De acordo com a Deputada Ivana Bastos, o evento que dever\u00e1 contar com<br \/>\nrepresentantes das Secretarias Estaduais e das Empresas envolvidas com<br \/>\no Projeto, debater\u00e1 os problemas e os benef\u00edcios trazidos pelo<br \/>\nempreendimento, contar\u00e1 tamb\u00e9m com a participa\u00e7\u00e3o das entidades civis<br \/>\nregionais.<\/p>\n<p><!--more--><\/p>\n<p>Para a deputada a expectativa \u00e9 que o semin\u00e1rio alcance o mesmo<br \/>\nsucesso da audi\u00eancia p\u00fablica realizada em Guanambi, no dia 27 de maio.<br \/>\n\u201cL\u00e1 n\u00f3s reunimos mais de 350 pessoas que participaram ativamente do<br \/>\ndebate, demonstrando que os projetos da Ferrovia Oeste-Leste e do<br \/>\nPorto Sul devem ser considerados estrat\u00e9gicos para as comunidades dos<br \/>\nmunic\u00edpios beneficiados e, consequentemente, para todo o estado\u201d,<br \/>\nafirmou.<\/p>\n<p>Reputo ser este um excelente momento para discutirmos de forma<br \/>\ndesapaixonada este assunto e de estabelecermos sugest\u00f5es de cuidados a<br \/>\nserem tomados e condicionantes a serem estabelecidas para<br \/>\nminimizar\/compensar os impactos ambientais que inevitavelmente ser\u00e3o<br \/>\ncausados pelo Projeto.<\/p>\n<p>Carlos da Silva Mascarenhas<br \/>\ncarlos.consultic@gmail.com<br \/>\n73 8147-0607<\/p>\n","protected":false},"excerpt":{"rendered":"<p>A Comiss\u00e3o do Complexo Intermodal da Ferrovia Oeste-Leste e Porto Sul da Assembl\u00e9ia Legislativa da Bahia, vai realizar, no dia 19 de agosto pr\u00f3ximo, na Cidade de Ilh\u00e9us, em local e hora a serem definidos, um Semin\u00e1rio para discutir o empreendimento. De acordo com a Deputada Ivana Bastos, o evento que dever\u00e1 contar com representantes [&hellip;]<\/p>\n","protected":false},"author":2,"featured_media":0,"comment_status":"open","ping_status":"open","sticky":false,"template":"","format":"standard","meta":{"_links_to":"","_links_to_target":""},"categories":[10],"tags":[],"_links":{"self":[{"href":"https:\/\/www.r2cpress.com.br\/v1\/wp-json\/wp\/v2\/posts\/17304"}],"collection":[{"href":"https:\/\/www.r2cpress.com.br\/v1\/wp-json\/wp\/v2\/posts"}],"about":[{"href":"https:\/\/www.r2cpress.com.br\/v1\/wp-json\/wp\/v2\/types\/post"}],"author":[{"embeddable":true,"href":"https:\/\/www.r2cpress.com.br\/v1\/wp-json\/wp\/v2\/users\/2"}],"replies":[{"embeddable":true,"href":"https:\/\/www.r2cpress.com.br\/v1\/wp-json\/wp\/v2\/comments?post=17304"}],"version-history":[{"count":2,"href":"https:\/\/www.r2cpress.com.br\/v1\/wp-json\/wp\/v2\/posts\/17304\/revisions"}],"predecessor-version":[{"id":17306,"href":"https:\/\/www.r2cpress.com.br\/v1\/wp-json\/wp\/v2\/posts\/17304\/revisions\/17306"}],"wp:attachment":[{"href":"https:\/\/www.r2cpress.com.br\/v1\/wp-json\/wp\/v2\/media?parent=17304"}],"wp:term":[{"taxonomy":"category","embeddable":true,"href":"https:\/\/www.r2cpress.com.br\/v1\/wp-json\/wp\/v2\/categories?post=17304"},{"taxonomy":"post_tag","embeddable":true,"href":"https:\/\/www.r2cpress.com.br\/v1\/wp-json\/wp\/v2\/tags?post=17304"}],"curies":[{"name":"wp","href":"https:\/\/api.w.org\/{rel}","templated":true}]}}