{"id":17315,"date":"2011-06-09T16:11:21","date_gmt":"2011-06-09T19:11:21","guid":{"rendered":"http:\/\/www.r2cpress.com.br\/v1\/?p=17315"},"modified":"2011-06-09T16:11:21","modified_gmt":"2011-06-09T19:11:21","slug":"recomeca-a-festa-de-largo-do-divino-espirito-santo-padroeiro-do-bairro-hernane-sa","status":"publish","type":"post","link":"https:\/\/www.r2cpress.com.br\/v1\/2011\/06\/09\/recomeca-a-festa-de-largo-do-divino-espirito-santo-padroeiro-do-bairro-hernane-sa\/","title":{"rendered":"RECOME\u00c7A A FESTA DE LARGO DO DIVINO ESP\u00cdRITO SANTO PADROEIRO DO BAIRRO HERNANE S\u00c1"},"content":{"rendered":"<p>De: Alex A. Lima <alexlimaba @hotmail.com><br \/>\nAssunto: <strong>RECOME\u00c7A A FESTA DE LARGO DO DIVINO ESP\u00cdRITO SANTO PADROEIRO DO BAIRRO HERNANE S\u00c1<\/strong><\/p>\n<p>Corpo da mensagem:<br \/>\nA Festa que come\u00e7ou no dia 03 do m\u00eas corrente e terminar\u00e1 no dia 12 de junho dia dos namorados, recome\u00e7ar\u00e1 hoje, quinta feira dia 09\/06 com as seguintes atra\u00e7\u00f5es:<\/p>\n<p>Nozinho, Zabumbahia, Abdias e Chupeta de Ganso, e Benner Show;<\/p>\n<p>Na Sexta Feira dia 10\/06:<br \/>\nAmanda Andrade Xote Apimentado, Soul Beach, ( aguardando confirma\u00e7\u00e3o SGT eloiz\u00edo)entre outros;<\/p>\n<p>No S\u00e1bado dia 11\/06:<br \/>\nMagia do Samba<br \/>\nConex\u00e3o Praieira<br \/>\nXuxu e A feira (aguardando presen\u00e7a de outra banda)<br \/>\nE no domingo dia dos namorados e final da Festa do Divino Esp\u00edrito Santo a programa\u00e7\u00e3o seguir\u00e1 da seguinte forma:<\/p>\n<p>9:00h &#8211; Missa<br \/>\n11:30h &#8211; Prociss\u00e3o<br \/>\n12:20h &#8211; Apaga\u00e7\u00e3o do C\u00edrio Pascal<br \/>\n12:30h &#8211; Quermesse<br \/>\n14:00h &#8211; Bingo<\/p>\n<p>Ter\u00e1 v\u00e1rios de tipos de kitutes para degustar inclusive, um delicioso Sarapatel. A Festa proseguir\u00e1 com as seguientes atra\u00e7\u00f5es:<\/p>\n<p>A partir das 16:00h:<br \/>\nGrupo Tudo A Ver<br \/>\nBanda Kizila<br \/>\nBanda A C\u00f4rte<br \/>\nM\u00e1cio Santos e Encerrando a Festa do Divino;<br \/>\nAlana Lima e Nego.<\/p>\n<p>Segundo Alex Lima, coordenador da Festa de Largo, este ano muitos m\u00fasicos de Ilh\u00e9us sensibilizados com o objetivo do evento est\u00e3o lhe procurando para dar a sua contribui\u00e7\u00e3o e, n\u00f3s da comunidade do Hernane S\u00e1 e da Par\u00f3quia S\u00e3o Francisco de Assis, estamos muitos felizes com essa manifesta\u00e7\u00e3o dos m\u00fasicos e eles est\u00e3o de parab\u00e9ns, pois todos que subiram no palco, agradaram e muito. Obrigado a voc\u00eas m\u00fasicos e coloboradores que de alguma forma est\u00e3o contribuindo para a realiza\u00e7\u00e3o da Festa do Divino E. Santo deste ano, em especial a  Prefeitura Municipal a Secretaria de Tur\u00edsmo na pessoa do Sr. Paulo Moreira,a Secret. do Meio Ambiente, de Servi\u00e7os Urbanos e o Vice- Prefeito M\u00e1rio Alexandre entre outros.<\/p>\n<p>&#8212;<br \/>\nEsta mensagem foi enviada atrav\u00e9s do formul\u00e1rio de contato do site R2CPRESS | A Letra Fria da Verdade http:\/\/www.r2cpress.com.br\/v1<\/alexlimaba><\/p>\n","protected":false},"excerpt":{"rendered":"<p>De: Alex A. Lima Assunto: RECOME\u00c7A A FESTA DE LARGO DO DIVINO ESP\u00cdRITO SANTO PADROEIRO DO BAIRRO HERNANE S\u00c1 Corpo da mensagem: A Festa que come\u00e7ou no dia 03 do m\u00eas corrente e terminar\u00e1 no dia 12 de junho dia dos namorados, recome\u00e7ar\u00e1 hoje, quinta feira dia 09\/06 com as seguintes atra\u00e7\u00f5es: Nozinho, Zabumbahia, Abdias [&hellip;]<\/p>\n","protected":false},"author":2,"featured_media":0,"comment_status":"open","ping_status":"open","sticky":false,"template":"","format":"standard","meta":{"_links_to":"","_links_to_target":""},"categories":[10],"tags":[],"_links":{"self":[{"href":"https:\/\/www.r2cpress.com.br\/v1\/wp-json\/wp\/v2\/posts\/17315"}],"collection":[{"href":"https:\/\/www.r2cpress.com.br\/v1\/wp-json\/wp\/v2\/posts"}],"about":[{"href":"https:\/\/www.r2cpress.com.br\/v1\/wp-json\/wp\/v2\/types\/post"}],"author":[{"embeddable":true,"href":"https:\/\/www.r2cpress.com.br\/v1\/wp-json\/wp\/v2\/users\/2"}],"replies":[{"embeddable":true,"href":"https:\/\/www.r2cpress.com.br\/v1\/wp-json\/wp\/v2\/comments?post=17315"}],"version-history":[{"count":2,"href":"https:\/\/www.r2cpress.com.br\/v1\/wp-json\/wp\/v2\/posts\/17315\/revisions"}],"predecessor-version":[{"id":17317,"href":"https:\/\/www.r2cpress.com.br\/v1\/wp-json\/wp\/v2\/posts\/17315\/revisions\/17317"}],"wp:attachment":[{"href":"https:\/\/www.r2cpress.com.br\/v1\/wp-json\/wp\/v2\/media?parent=17315"}],"wp:term":[{"taxonomy":"category","embeddable":true,"href":"https:\/\/www.r2cpress.com.br\/v1\/wp-json\/wp\/v2\/categories?post=17315"},{"taxonomy":"post_tag","embeddable":true,"href":"https:\/\/www.r2cpress.com.br\/v1\/wp-json\/wp\/v2\/tags?post=17315"}],"curies":[{"name":"wp","href":"https:\/\/api.w.org\/{rel}","templated":true}]}}