{"id":17323,"date":"2011-06-09T17:48:17","date_gmt":"2011-06-09T20:48:17","guid":{"rendered":"http:\/\/www.r2cpress.com.br\/v1\/?p=17323"},"modified":"2011-06-09T17:48:17","modified_gmt":"2011-06-09T20:48:17","slug":"cumprimento-de-mandado-de-prisao-cautelar","status":"publish","type":"post","link":"https:\/\/www.r2cpress.com.br\/v1\/2011\/06\/09\/cumprimento-de-mandado-de-prisao-cautelar\/","title":{"rendered":"CUMPRIMENTO DE MANDADO DE PRIS\u00c3O CAUTELAR"},"content":{"rendered":"<p><center><a href=\"http:\/\/www.r2cpress.com.br\/v1\/wp-content\/uploads\/logo-pm-0041.jpg\"><img loading=\"lazy\" src=\"http:\/\/www.r2cpress.com.br\/v1\/wp-content\/uploads\/logo-pm-0041.jpg\" alt=\"\" title=\"logo pm 004\" width=\"100\" height=\"94\" class=\"aligncenter size-full wp-image-17326\" \/><\/a><\/center><br \/>\n<center><div id=\"attachment_17330\" style=\"width: 310px\" class=\"wp-caption alignnone\"><a href=\"http:\/\/www.r2cpress.com.br\/v1\/wp-content\/uploads\/mont-70-CIAPM.jpg\"><img aria-describedby=\"caption-attachment-17330\" loading=\"lazy\" src=\"http:\/\/www.r2cpress.com.br\/v1\/wp-content\/uploads\/mont-70-CIAPM-300x224.jpg\" alt=\"\" title=\"mont 70 CIAPM\" width=\"300\" height=\"224\" class=\"size-medium wp-image-17330\" srcset=\"https:\/\/www.r2cpress.com.br\/v1\/wp-content\/uploads\/mont-70-CIAPM-300x224.jpg 300w, https:\/\/www.r2cpress.com.br\/v1\/wp-content\/uploads\/mont-70-CIAPM.jpg 900w\" sizes=\"(max-width: 300px) 100vw, 300px\" \/><\/a><p id=\"caption-attachment-17330\" class=\"wp-caption-text\">Clique para AMPLIAR.<\/p><\/div><\/center><br \/>\nNo dia 08 jun 2011, na Barra, nesta cidade, O Major PM RICCIO, Comandante da 70\u00aa CIPM Ilh\u00e9us\/Norte, desencadeou uma opera\u00e7\u00e3o, ap\u00f3s algum tempo de levantamento com agentes do Setor de Miss\u00f5es Especiais (SME), guarni\u00e7\u00e3o do PETO, ambos da 70\u00aa CIPM Ilh\u00e9us\/Norte, com apoio da RONDESP, a fim de cumprir mandado de pris\u00e3o, expedido pelo Excelent\u00edssimo Doutor Gustavo Henrique Almeida Lyra, Juiz de Direito, em desfavor de COSME C\u00c2MARA OLIVEIRA FILHO (vulgo <strong>PIL\u00c3O<\/strong>), que h\u00e1 cerca de meses estava foragido da justi\u00e7a, com fulcro no art. 312 do C\u00f3digo de Processo Penal. Na oportunidade, foi desarticulada a quadrilha que segundo populares era envolvida em homic\u00eddios, tr\u00e1fico de drogas e armas. Foi encontrado com \u201cPIL\u00c3O\u201d um rev\u00f3lver Cal. 38, numera\u00e7\u00e3o JJ372717, com 06 (seis) muni\u00e7\u00f5es intactas.<\/p>\n","protected":false},"excerpt":{"rendered":"<p>No dia 08 jun 2011, na Barra, nesta cidade, O Major PM RICCIO, Comandante da 70\u00aa CIPM Ilh\u00e9us\/Norte, desencadeou uma opera\u00e7\u00e3o, ap\u00f3s algum tempo de levantamento com agentes do Setor de Miss\u00f5es Especiais (SME), guarni\u00e7\u00e3o do PETO, ambos da 70\u00aa CIPM Ilh\u00e9us\/Norte, com apoio da RONDESP, a fim de cumprir mandado de pris\u00e3o, expedido pelo [&hellip;]<\/p>\n","protected":false},"author":2,"featured_media":0,"comment_status":"open","ping_status":"open","sticky":false,"template":"","format":"standard","meta":{"_links_to":"","_links_to_target":""},"categories":[25],"tags":[],"_links":{"self":[{"href":"https:\/\/www.r2cpress.com.br\/v1\/wp-json\/wp\/v2\/posts\/17323"}],"collection":[{"href":"https:\/\/www.r2cpress.com.br\/v1\/wp-json\/wp\/v2\/posts"}],"about":[{"href":"https:\/\/www.r2cpress.com.br\/v1\/wp-json\/wp\/v2\/types\/post"}],"author":[{"embeddable":true,"href":"https:\/\/www.r2cpress.com.br\/v1\/wp-json\/wp\/v2\/users\/2"}],"replies":[{"embeddable":true,"href":"https:\/\/www.r2cpress.com.br\/v1\/wp-json\/wp\/v2\/comments?post=17323"}],"version-history":[{"count":6,"href":"https:\/\/www.r2cpress.com.br\/v1\/wp-json\/wp\/v2\/posts\/17323\/revisions"}],"predecessor-version":[{"id":17332,"href":"https:\/\/www.r2cpress.com.br\/v1\/wp-json\/wp\/v2\/posts\/17323\/revisions\/17332"}],"wp:attachment":[{"href":"https:\/\/www.r2cpress.com.br\/v1\/wp-json\/wp\/v2\/media?parent=17323"}],"wp:term":[{"taxonomy":"category","embeddable":true,"href":"https:\/\/www.r2cpress.com.br\/v1\/wp-json\/wp\/v2\/categories?post=17323"},{"taxonomy":"post_tag","embeddable":true,"href":"https:\/\/www.r2cpress.com.br\/v1\/wp-json\/wp\/v2\/tags?post=17323"}],"curies":[{"name":"wp","href":"https:\/\/api.w.org\/{rel}","templated":true}]}}