{"id":17342,"date":"2011-06-09T21:29:48","date_gmt":"2011-06-10T00:29:48","guid":{"rendered":"http:\/\/www.r2cpress.com.br\/v1\/?p=17342"},"modified":"2011-06-09T21:29:48","modified_gmt":"2011-06-10T00:29:48","slug":"comissao-aprova-colocacao-de-cronometro-em-semaforos","status":"publish","type":"post","link":"https:\/\/www.r2cpress.com.br\/v1\/2011\/06\/09\/comissao-aprova-colocacao-de-cronometro-em-semaforos\/","title":{"rendered":"Comiss\u00e3o aprova coloca\u00e7\u00e3o de cron\u00f4metro em sem\u00e1foros"},"content":{"rendered":"<p>A\u00ea meu irm\u00e3ozinho, deu na C\u00c2MARA DOS DEPUTADOS,  esperamos que chegue em Ilh\u00e9us.<br \/>\nAbra\u00e7o,<br \/>\nPC<br \/>\n&#8212;<\/p>\n<p>A Comiss\u00e3o de Via\u00e7\u00e3o e Transportes aprovou nesta quarta-feira o Projeto de Lei 78\/11, do deputado Duarte Nogueira (PSDB-SP), que torna obrigat\u00f3ria a instala\u00e7\u00e3o de cron\u00f4metros em todos os sem\u00e1foros, para indicar aos motoristas e pedestres o tempo restante para a mudan\u00e7a de sinal.<\/p>\n<p>A proposta recebeu parecer favor\u00e1vel do relator, deputado Vanderlei Macris (PSDB-SP). Para ele, a instala\u00e7\u00e3o de cron\u00f4metros \u201crepresenta uma ajuda t\u00e9cnica importante na tomada de decis\u00e3o do condutor e pedestre, para seguir ou parar em tempo h\u00e1bil, notadamente em cruzamentos de maior extens\u00e3o, evitando-se colis\u00f5es e atropelamentos\u201d.<\/p>\n<p>Macris lembra que o C\u00f3digo de Tr\u00e2nsito Brasileiro (CTB &#8211; Lei9.503\/97) j\u00e1 obriga estados e munic\u00edpios a usarem os recursos arrecadados com as multas na melhoria da sinaliza\u00e7\u00e3o. Portanto, a coloca\u00e7\u00e3o dos cron\u00f4metros n\u00e3o depender\u00e1 da cria\u00e7\u00e3o de uma nova fonte de receita.<\/p>\n<p><strong>Tramita\u00e7\u00e3o<\/strong><br \/>\nO projeto tramita em car\u00e1ter conclusivo e ser\u00e1 analisado agora pela Comiss\u00e3o de Constitui\u00e7\u00e3o e Justi\u00e7a e de Cidadania.<\/p>\n<p>&#8212;<br \/>\nAg\u00eancia C\u00e2mara.<\/p>\n","protected":false},"excerpt":{"rendered":"<p>A\u00ea meu irm\u00e3ozinho, deu na C\u00c2MARA DOS DEPUTADOS, esperamos que chegue em Ilh\u00e9us. Abra\u00e7o, PC &#8212; A Comiss\u00e3o de Via\u00e7\u00e3o e Transportes aprovou nesta quarta-feira o Projeto de Lei 78\/11, do deputado Duarte Nogueira (PSDB-SP), que torna obrigat\u00f3ria a instala\u00e7\u00e3o de cron\u00f4metros em todos os sem\u00e1foros, para indicar aos motoristas e pedestres o tempo restante [&hellip;]<\/p>\n","protected":false},"author":2,"featured_media":0,"comment_status":"open","ping_status":"open","sticky":false,"template":"","format":"standard","meta":{"_links_to":"","_links_to_target":""},"categories":[10],"tags":[],"_links":{"self":[{"href":"https:\/\/www.r2cpress.com.br\/v1\/wp-json\/wp\/v2\/posts\/17342"}],"collection":[{"href":"https:\/\/www.r2cpress.com.br\/v1\/wp-json\/wp\/v2\/posts"}],"about":[{"href":"https:\/\/www.r2cpress.com.br\/v1\/wp-json\/wp\/v2\/types\/post"}],"author":[{"embeddable":true,"href":"https:\/\/www.r2cpress.com.br\/v1\/wp-json\/wp\/v2\/users\/2"}],"replies":[{"embeddable":true,"href":"https:\/\/www.r2cpress.com.br\/v1\/wp-json\/wp\/v2\/comments?post=17342"}],"version-history":[{"count":2,"href":"https:\/\/www.r2cpress.com.br\/v1\/wp-json\/wp\/v2\/posts\/17342\/revisions"}],"predecessor-version":[{"id":17344,"href":"https:\/\/www.r2cpress.com.br\/v1\/wp-json\/wp\/v2\/posts\/17342\/revisions\/17344"}],"wp:attachment":[{"href":"https:\/\/www.r2cpress.com.br\/v1\/wp-json\/wp\/v2\/media?parent=17342"}],"wp:term":[{"taxonomy":"category","embeddable":true,"href":"https:\/\/www.r2cpress.com.br\/v1\/wp-json\/wp\/v2\/categories?post=17342"},{"taxonomy":"post_tag","embeddable":true,"href":"https:\/\/www.r2cpress.com.br\/v1\/wp-json\/wp\/v2\/tags?post=17342"}],"curies":[{"name":"wp","href":"https:\/\/api.w.org\/{rel}","templated":true}]}}