{"id":17365,"date":"2011-06-10T09:14:23","date_gmt":"2011-06-10T12:14:23","guid":{"rendered":"http:\/\/www.r2cpress.com.br\/v1\/?p=17365"},"modified":"2011-06-10T09:14:23","modified_gmt":"2011-06-10T12:14:23","slug":"terminou-o-conflito-no-outeiro","status":"publish","type":"post","link":"https:\/\/www.r2cpress.com.br\/v1\/2011\/06\/10\/terminou-o-conflito-no-outeiro\/","title":{"rendered":"TERMINOU O CONFLITO NO OUTEIRO"},"content":{"rendered":"<p>Mais uma vez terminou em paz o conflito que estava para estourar no bairro mais lindo de Ilh\u00e9us. N\u00e3o tem Pontal, nem Cidade Nova, o Oiteiro ou Outeiro n\u00e3o sabe qual a grafia correta, enfim \u00e9 um bairro simplesmente ador\u00e1vel para se morar.<br \/>\n<img align = \"left\" src = \"http:\/\/www.r2cpress.com.br\/v1\/wp-content\/uploads\/siri-email-moldura1.jpg\"\/> Neste bairro que outrora pertenceu aos Adami, inclusive um deles possui um Castelo no alto morro, grande cientista, inventou do dendisel, cujas pessoas da UESC e CEPLAC roubaram seu projeto, possui algumas caracter\u00edsticas bem distintas dos demais bairros. <\/p>\n<p><a href=\"http:\/\/www.r2cpress.com.br\/v1\/wp-content\/uploads\/canhao.jpg\"><img loading=\"lazy\" src=\"http:\/\/www.r2cpress.com.br\/v1\/wp-content\/uploads\/canhao.jpg\" alt=\"\" title=\"canhao\" width=\"240\" height=\"180\" class=\"alignright size-full wp-image-17367\" \/><\/a>Totalmente urbanizado, com cal\u00e7amento, servi\u00e7os de rede esgoto, pra\u00e7as s\u00f3 tem uma, que a Pra\u00e7a Cadete, tamb\u00e9m personalidade da fam\u00edlia Adami, esta Pra\u00e7a hoje gra\u00e7as ao Bar\u00e3o de Popof \u00e9 mantida limpa, pintada e arborizada. Nesta pra\u00e7a tem tamb\u00e9m o Bar do Canhao, da fam\u00edlia Gila, que tem como carro chefe o Acaraj\u00e9 e o Abara da Rosa, possui 5 mirantes, vamos ver quais s\u00e3o: Mirante da Rua do  Fogo, local onde mora a cl\u00e3 dos nosso Prefeito, Mirante da Rua da Tripa, onde nosso amigo Z\u00e9 Nachace tentou construir, mas outro nosso amigo Euro fez quest\u00e3o de derrubar, Mirante do Bar do Canhao, administrado por Paulo e Fernando, Mirante da Igrejinha, administrado por Jaime e Mirante da Cor\u00e9ia, \u00e9 meus amigos La tamb\u00e9m tem um bairro chamado Cor\u00e9ia, onde mora pessoas conservadoras e que a todo tempo vive a criar polemica com o Administrador da Pra\u00e7a Cadete este sempre puxando a sardinha para sua Pra\u00e7a.<\/p>\n<p><!--more--><\/p>\n<p>La tamb\u00e9m tem uma Igrejinha, se n\u00e3o me engano se chama de Igreja de Nossa de Lourdes, sendo esta Santa a Padroeira do nosso Prefeito. Falando na Igrejinha como seria bom que o Cristo que esta abandonada na Avenida Dois julho, fosse retalhado e colocado no morro que fica atr\u00e1s da Igrejinha com os bra\u00e7os abertos aben\u00e7oando nossa Avenida Soares Lopes. Bem que nosso Secretario de Turismo Paulo Moreira poderia de novo tentar emplacar a mudan\u00e7a. Tem meu apoio!<\/p>\n<p>Bem meus amigos vamos voltar ao assunto que me fez escrever sobre o CONFLITO NO OUTEIRO.<\/p>\n<p>Entra ano e sai ano, toda \u00e9poca de festas de largos no bairro come\u00e7a a briga. No Outeiro, embora pequeno, existe 3 fac\u00e7\u00f5es que tenta impor suas vontades contra o povo oprimido daquele bairro. S\u00e3o elas a fac\u00e7\u00e3o de Cesar\/Atanagildo, a fac\u00e7\u00e3o de Jaime e fac\u00e7\u00e3o de Paulo Gila.  A ultima briga que j\u00e1 dura mais de 30 dias, foi provocada por Dr. Rui Carvalho, cujo motivo \u00e9 as festas juninas. A principio Dr.Rui convidou os lideres das fac\u00e7\u00f5es para um bate-papo, em sua resid\u00eancia, que fica na Cor\u00e9ia, ofereceu aos presentes um banquete, jamais visto no bairro, com intu\u00eddo de trazer a festa para a Cor\u00e9ia. De pronto a representante de Paulo Gila, Sra.Rosa sua esposa, bateu p\u00e9 e n\u00e3o aceitou a mudan\u00e7a de local, onde tradicionalmente s\u00e3o realizadas todas as festas do Outeiro. Jaime espumou, esbravejou, amea\u00e7ou boicotar o evento, mas de ultima hora o Cesar\/Atanagildo mudaram o discurso e passou apoiar Paulo. Ontem \u00e0 tardinha vi os mesmos sentados na Pra\u00e7a Cadete, com uma mesa cheia de palha de bananeiras e muito garrafa de Skol e olha que eles s\u00e3o bebem Skin, la na Cor\u00e9ia \u00e9 a cerveja preferida. Muitos est\u00e3o dizendo que foi o Abara de Rosa que convenceu os representantes da Cor\u00e9ia a mudar de id\u00e9ia.<\/p>\n<p>Enfim meus amigos a festa de junina vai ser realizada na Pra\u00e7a Cadete (pra\u00e7a do canhao), hoje a noite, a partir das 20:00 hs ou som da banda Top Gun. Muita comida t\u00edpica, licor e cervejas. Todos Ilheenses est\u00e3o convidados para sumir o morro, onde nasceu a nossa cidade S\u00e3o Jorge dos Ilh\u00e9us.<\/p>\n<p>A noticia de ultima hora: ontem \u00e0 noite no Dom Eduardo Gastronomia &#038; Lazer, onde foi realizado a cerim\u00f4nia de entrega dos certificados da 1\u00aa.Turma do Curso de Gastronomia da Maramata, estava presente o nosso Prefeito e como animador do evento tamb\u00e9m o irrequieto Renato PB, este n\u00e3o podia deixar de fazer as suas, queixou o Prefeito para o convidasse tamb\u00e9m para animar o forro do Outeiro e o nosso Prefeito autorizou o mesmo a tocar tamb\u00e9m no evento. Ent\u00e3o teremos TOP GUN e RENATO PB que vai tocar s\u00f3 para Mirian Bocao&#8230; Eles se amam, a se Geni souber de um negocio deste.<\/p>\n<p>Mais um conflito contornado no Outeiro, agora esperar para ver  o que vai acontecer nos festejos do fim de ano.<\/p>\n<p>Boas festas para todos.<\/p>\n<p>Eduardo Carvalho &#8211; Siri  <\/p>\n","protected":false},"excerpt":{"rendered":"<p>Mais uma vez terminou em paz o conflito que estava para estourar no bairro mais lindo de Ilh\u00e9us. N\u00e3o tem Pontal, nem Cidade Nova, o Oiteiro ou Outeiro n\u00e3o sabe qual a grafia correta, enfim \u00e9 um bairro simplesmente ador\u00e1vel para se morar. Neste bairro que outrora pertenceu aos Adami, inclusive um deles possui um [&hellip;]<\/p>\n","protected":false},"author":2,"featured_media":0,"comment_status":"open","ping_status":"open","sticky":false,"template":"","format":"standard","meta":{"_links_to":"","_links_to_target":""},"categories":[10],"tags":[],"_links":{"self":[{"href":"https:\/\/www.r2cpress.com.br\/v1\/wp-json\/wp\/v2\/posts\/17365"}],"collection":[{"href":"https:\/\/www.r2cpress.com.br\/v1\/wp-json\/wp\/v2\/posts"}],"about":[{"href":"https:\/\/www.r2cpress.com.br\/v1\/wp-json\/wp\/v2\/types\/post"}],"author":[{"embeddable":true,"href":"https:\/\/www.r2cpress.com.br\/v1\/wp-json\/wp\/v2\/users\/2"}],"replies":[{"embeddable":true,"href":"https:\/\/www.r2cpress.com.br\/v1\/wp-json\/wp\/v2\/comments?post=17365"}],"version-history":[{"count":6,"href":"https:\/\/www.r2cpress.com.br\/v1\/wp-json\/wp\/v2\/posts\/17365\/revisions"}],"predecessor-version":[{"id":17372,"href":"https:\/\/www.r2cpress.com.br\/v1\/wp-json\/wp\/v2\/posts\/17365\/revisions\/17372"}],"wp:attachment":[{"href":"https:\/\/www.r2cpress.com.br\/v1\/wp-json\/wp\/v2\/media?parent=17365"}],"wp:term":[{"taxonomy":"category","embeddable":true,"href":"https:\/\/www.r2cpress.com.br\/v1\/wp-json\/wp\/v2\/categories?post=17365"},{"taxonomy":"post_tag","embeddable":true,"href":"https:\/\/www.r2cpress.com.br\/v1\/wp-json\/wp\/v2\/tags?post=17365"}],"curies":[{"name":"wp","href":"https:\/\/api.w.org\/{rel}","templated":true}]}}