{"id":17409,"date":"2011-06-10T15:11:45","date_gmt":"2011-06-10T18:11:45","guid":{"rendered":"http:\/\/www.r2cpress.com.br\/v1\/?p=17409"},"modified":"2011-06-10T15:11:45","modified_gmt":"2011-06-10T18:11:45","slug":"tio-do-secretario-de-seguranca-e-preso-por-porte-ilegal-de-armas","status":"publish","type":"post","link":"https:\/\/www.r2cpress.com.br\/v1\/2011\/06\/10\/tio-do-secretario-de-seguranca-e-preso-por-porte-ilegal-de-armas\/","title":{"rendered":"Tio do secret\u00e1rio de seguran\u00e7a \u00e9 preso por porte ilegal de armas"},"content":{"rendered":"<p><strong>Foi encontrada uma pequena quantidade de maconha no ve\u00edculo<\/strong><\/p>\n<p>Vincente Teles, de 44 anos, tio de Maur\u00edcio Teles Barbosa, o secret\u00e1rio da Secret\u00e1ria de  Seguran\u00e7a P\u00fablica da Bahia (SSP), foi preso na manh\u00e3 desta sexta-feira (10), na Avenida Paralela, em Salvador, por policiais da Rotamo (Ronda T\u00e1tico Motorizada), por porte ilegal de arma e drogas.<\/p>\n<p>Segundo Claudio Lins, delegado plantonista da Delegacia de T\u00f3xicos e Entorpecentes (DTE), o acusado entrou na unidade policial aos gritos dizendo que o secret\u00e1rio \u00e9 sobrinho dele. A SSP confirmou o parentesco de Vicente com o secret\u00e1rio, que disse, atrav\u00e9s da assessoria: &#8220;Cumpram a lei! Ele \u00e9 cidad\u00e3o como qualquer um&#8221;.<\/p>\n<p><strong>Motivo da pris\u00e3o<\/strong><\/p>\n<p><!--more--><\/p>\n<p>De acordo com o delegado, Vicente estava &#8216;mostrando&#8217; a arma para outros motoristas na Avenida, quando uma guarni\u00e7\u00e3o da Rotamo passou e o abordou para saber o que estava acontecendo. Na vistoria, ainda foi encontrada uma pequena quantidade de maconha dentro do ve\u00edculo. Por ter sido pego em flagrante, o acusado ficar\u00e1 detido \u00e0 disposi\u00e7\u00e3o da Justi\u00e7a. <\/p>\n<p><strong>Problemas emocionais<\/strong><br \/>\nAinda segundo a assessoria da SSP, o secret\u00e1rio n\u00e3o liberou ou deu privil\u00e9gios para o tio, por\u00e9m fez uma ressalva, e informou que Vincente sofre problemas emocionais e est\u00e1 afastado do trabalho por causa de depress\u00e3o.<\/p>\n<p><strong>Agress\u00e3o a fot\u00f3grafo do CORREIO<\/strong><br \/>\nAo ver que estava sendo fotografado pelo jornalista e fot\u00f3grafo Ant\u00f4nio Saturnino, do Jornal CORREIO, Vicente tentou agredi-lo. &#8220;Ele estava sentado na recep\u00e7\u00e3o da delegacia aguardando a chegada do delegado, quando eu e outros fot\u00f3grafos chegamos fotografando. Vicente abriu o bot\u00e3o da camisa, suspendeu a roupa para esconder o rosto e veio em minha dire\u00e7\u00e3o, mas consegui me esquivar&#8221;, disse. O tio do secret\u00e1rio quebrou o sensor do flash do equipamento. Saturnino n\u00e3o chegou a ficar ferido. Em seguida, os agentes levaram o acusado o para uma sala reservada, para aguardar o delegado.<\/p>\n<p>&#8212;<br \/>\nMidi\u00e3 Noelle | Reda\u00e7\u00e3o <a href = \"http:\/\/www.correio24horas.com.br\/noticias\/detalhes\/detalhes-1\/artigo\/suposto-tio-do-secretario-da-ssp-e-preso-por-porte-ilegal-de-armas\/\" target = \"_news\"><b>CORREIO DA BAHIA<\/b><\/a><br \/>\nmidia.santana@redebahia.com.br<\/p>\n","protected":false},"excerpt":{"rendered":"<p>Foi encontrada uma pequena quantidade de maconha no ve\u00edculo Vincente Teles, de 44 anos, tio de Maur\u00edcio Teles Barbosa, o secret\u00e1rio da Secret\u00e1ria de Seguran\u00e7a P\u00fablica da Bahia (SSP), foi preso na manh\u00e3 desta sexta-feira (10), na Avenida Paralela, em Salvador, por policiais da Rotamo (Ronda T\u00e1tico Motorizada), por porte ilegal de arma e drogas. [&hellip;]<\/p>\n","protected":false},"author":2,"featured_media":0,"comment_status":"open","ping_status":"open","sticky":false,"template":"","format":"standard","meta":{"_links_to":"","_links_to_target":""},"categories":[25],"tags":[],"_links":{"self":[{"href":"https:\/\/www.r2cpress.com.br\/v1\/wp-json\/wp\/v2\/posts\/17409"}],"collection":[{"href":"https:\/\/www.r2cpress.com.br\/v1\/wp-json\/wp\/v2\/posts"}],"about":[{"href":"https:\/\/www.r2cpress.com.br\/v1\/wp-json\/wp\/v2\/types\/post"}],"author":[{"embeddable":true,"href":"https:\/\/www.r2cpress.com.br\/v1\/wp-json\/wp\/v2\/users\/2"}],"replies":[{"embeddable":true,"href":"https:\/\/www.r2cpress.com.br\/v1\/wp-json\/wp\/v2\/comments?post=17409"}],"version-history":[{"count":2,"href":"https:\/\/www.r2cpress.com.br\/v1\/wp-json\/wp\/v2\/posts\/17409\/revisions"}],"predecessor-version":[{"id":17411,"href":"https:\/\/www.r2cpress.com.br\/v1\/wp-json\/wp\/v2\/posts\/17409\/revisions\/17411"}],"wp:attachment":[{"href":"https:\/\/www.r2cpress.com.br\/v1\/wp-json\/wp\/v2\/media?parent=17409"}],"wp:term":[{"taxonomy":"category","embeddable":true,"href":"https:\/\/www.r2cpress.com.br\/v1\/wp-json\/wp\/v2\/categories?post=17409"},{"taxonomy":"post_tag","embeddable":true,"href":"https:\/\/www.r2cpress.com.br\/v1\/wp-json\/wp\/v2\/tags?post=17409"}],"curies":[{"name":"wp","href":"https:\/\/api.w.org\/{rel}","templated":true}]}}