{"id":17443,"date":"2011-06-10T16:44:27","date_gmt":"2011-06-10T19:44:27","guid":{"rendered":"http:\/\/www.r2cpress.com.br\/v1\/?p=17443"},"modified":"2011-06-10T16:44:27","modified_gmt":"2011-06-10T19:44:27","slug":"ajudai-2","status":"publish","type":"post","link":"https:\/\/www.r2cpress.com.br\/v1\/2011\/06\/10\/ajudai-2\/","title":{"rendered":"AJUDA\u00cd !!!!"},"content":{"rendered":"<p>Boa Tarde, Prezados<\/p>\n<p>Sou Adriana da Silva Maia<br \/>\nSou filha de Waldeck die Maia, ha 2 anos perdi contato com meu pai<br \/>\nMoro em S\u00e3o Paulo, hoje atraves da internet fiquei sabendo do falecimento do<br \/>\nmeu pai, estou desesperada em abter contato com a familia dele, poderia ser com os outros filhos, gostaria de ver o meu pai novamente nem que seja em seu tumulo, pe\u00e7o alguma ajuda de quem tiver algum contato que eu possa falar e saber almenos onde meu pai sepultado.<\/p>\n<p>Espero que alguem possa me ajudar, fico grata pela aten\u00e7\u00e3o desde j\u00e1<br \/>\nE-mail. renata_silva.p@hotmail.com \/ este \u00e9 o endere\u00e7o da minha irm\u00e3<\/p>\n<p>Adriana da Silva Maia<\/p>\n","protected":false},"excerpt":{"rendered":"<p>Boa Tarde, Prezados Sou Adriana da Silva Maia Sou filha de Waldeck die Maia, ha 2 anos perdi contato com meu pai Moro em S\u00e3o Paulo, hoje atraves da internet fiquei sabendo do falecimento do meu pai, estou desesperada em abter contato com a familia dele, poderia ser com os outros filhos, gostaria de ver [&hellip;]<\/p>\n","protected":false},"author":2,"featured_media":0,"comment_status":"open","ping_status":"open","sticky":false,"template":"","format":"standard","meta":{"_links_to":"","_links_to_target":""},"categories":[10],"tags":[],"_links":{"self":[{"href":"https:\/\/www.r2cpress.com.br\/v1\/wp-json\/wp\/v2\/posts\/17443"}],"collection":[{"href":"https:\/\/www.r2cpress.com.br\/v1\/wp-json\/wp\/v2\/posts"}],"about":[{"href":"https:\/\/www.r2cpress.com.br\/v1\/wp-json\/wp\/v2\/types\/post"}],"author":[{"embeddable":true,"href":"https:\/\/www.r2cpress.com.br\/v1\/wp-json\/wp\/v2\/users\/2"}],"replies":[{"embeddable":true,"href":"https:\/\/www.r2cpress.com.br\/v1\/wp-json\/wp\/v2\/comments?post=17443"}],"version-history":[{"count":3,"href":"https:\/\/www.r2cpress.com.br\/v1\/wp-json\/wp\/v2\/posts\/17443\/revisions"}],"predecessor-version":[{"id":17446,"href":"https:\/\/www.r2cpress.com.br\/v1\/wp-json\/wp\/v2\/posts\/17443\/revisions\/17446"}],"wp:attachment":[{"href":"https:\/\/www.r2cpress.com.br\/v1\/wp-json\/wp\/v2\/media?parent=17443"}],"wp:term":[{"taxonomy":"category","embeddable":true,"href":"https:\/\/www.r2cpress.com.br\/v1\/wp-json\/wp\/v2\/categories?post=17443"},{"taxonomy":"post_tag","embeddable":true,"href":"https:\/\/www.r2cpress.com.br\/v1\/wp-json\/wp\/v2\/tags?post=17443"}],"curies":[{"name":"wp","href":"https:\/\/api.w.org\/{rel}","templated":true}]}}