{"id":17451,"date":"2011-06-10T18:51:26","date_gmt":"2011-06-10T21:51:26","guid":{"rendered":"http:\/\/www.r2cpress.com.br\/v1\/?p=17451"},"modified":"2011-06-10T18:51:26","modified_gmt":"2011-06-10T21:51:26","slug":"recado-para-o-secretario-marcelo-barreto-2","status":"publish","type":"post","link":"https:\/\/www.r2cpress.com.br\/v1\/2011\/06\/10\/recado-para-o-secretario-marcelo-barreto-2\/","title":{"rendered":"RECADO PARA O SECRET\u00c1RIO MARCELO BARRETO"},"content":{"rendered":"<p><img align = \"left\" src = \"http:\/\/www.r2cpress.com.br\/v1\/wp-content\/uploads\/ze-carlos-junior-para-novo-site.jpg\"\/>Senhor Secret\u00e1rio de Transportes e Seguran\u00e7a<br \/>\nMinhas considera\u00e7\u00f5es!<br \/>\nEntre alguns problemas que a gente enfrenta no dia a dia, principalmente os condutores de ve\u00edculos, tem um que est\u00e1 se acentuando de uma maneira muito r\u00e1pida.<br \/>\nTrata-se dos cones para reserva de estacionamento instalado pelos propriet\u00e1rios de casas comerciais e at\u00e9 \u00f3rg\u00e3o p\u00fablico.<br \/>\nHoje pela manh\u00e3 na Rua Bento Berilo mais um propriet\u00e1rio, que antes colocava cadeiras, agora resolveu adotar os cones.<br \/>\nAproveito da sua costumeira receptividade, para saber se \u00e9 permitido o uso dos cones para guardar vagas e se a prefeitura \u00e9 consultada pelos interessados nessa nova moda de reserva do espa\u00e7o p\u00fablico.<br \/>\nEntende-se que alguns \u00f3rg\u00e3os necessitem da implanta\u00e7\u00e3o dos cones, mais a generaliza\u00e7\u00e3o pode trazer alguns inconvenientes entre as partes envolvidas, ou seja, o dono dos cones e o cidad\u00e3o comum que tem o direito de estacionar seu ve\u00edculo onde exista vaga dispon\u00edvel e, acima de tudo, seja permitido pela sinaliza\u00e7\u00e3o do tr\u00e2nsito.<br \/>\nOs pontos de motos, estes j\u00e1 est\u00e3o institucionalizados, e n\u00e3o se pode adotar nenhuma medida de disciplina, infelizmente, \u00e9 uma situa\u00e7\u00e3o que se alastrou por todo o pa\u00eds.<br \/>\n<b>Z\u00c9CARLOS JUNIOR<\/b><\/p>\n","protected":false},"excerpt":{"rendered":"<p>Senhor Secret\u00e1rio de Transportes e Seguran\u00e7a Minhas considera\u00e7\u00f5es! Entre alguns problemas que a gente enfrenta no dia a dia, principalmente os condutores de ve\u00edculos, tem um que est\u00e1 se acentuando de uma maneira muito r\u00e1pida. Trata-se dos cones para reserva de estacionamento instalado pelos propriet\u00e1rios de casas comerciais e at\u00e9 \u00f3rg\u00e3o p\u00fablico. Hoje pela manh\u00e3 [&hellip;]<\/p>\n","protected":false},"author":2,"featured_media":0,"comment_status":"open","ping_status":"open","sticky":false,"template":"","format":"standard","meta":{"_links_to":"","_links_to_target":""},"categories":[10],"tags":[],"_links":{"self":[{"href":"https:\/\/www.r2cpress.com.br\/v1\/wp-json\/wp\/v2\/posts\/17451"}],"collection":[{"href":"https:\/\/www.r2cpress.com.br\/v1\/wp-json\/wp\/v2\/posts"}],"about":[{"href":"https:\/\/www.r2cpress.com.br\/v1\/wp-json\/wp\/v2\/types\/post"}],"author":[{"embeddable":true,"href":"https:\/\/www.r2cpress.com.br\/v1\/wp-json\/wp\/v2\/users\/2"}],"replies":[{"embeddable":true,"href":"https:\/\/www.r2cpress.com.br\/v1\/wp-json\/wp\/v2\/comments?post=17451"}],"version-history":[{"count":2,"href":"https:\/\/www.r2cpress.com.br\/v1\/wp-json\/wp\/v2\/posts\/17451\/revisions"}],"predecessor-version":[{"id":17453,"href":"https:\/\/www.r2cpress.com.br\/v1\/wp-json\/wp\/v2\/posts\/17451\/revisions\/17453"}],"wp:attachment":[{"href":"https:\/\/www.r2cpress.com.br\/v1\/wp-json\/wp\/v2\/media?parent=17451"}],"wp:term":[{"taxonomy":"category","embeddable":true,"href":"https:\/\/www.r2cpress.com.br\/v1\/wp-json\/wp\/v2\/categories?post=17451"},{"taxonomy":"post_tag","embeddable":true,"href":"https:\/\/www.r2cpress.com.br\/v1\/wp-json\/wp\/v2\/tags?post=17451"}],"curies":[{"name":"wp","href":"https:\/\/api.w.org\/{rel}","templated":true}]}}