{"id":17472,"date":"2011-06-11T13:10:11","date_gmt":"2011-06-11T16:10:11","guid":{"rendered":"http:\/\/www.r2cpress.com.br\/v1\/?p=17472"},"modified":"2011-06-11T13:10:11","modified_gmt":"2011-06-11T16:10:11","slug":"prisao-em-flagrante-delito","status":"publish","type":"post","link":"https:\/\/www.r2cpress.com.br\/v1\/2011\/06\/11\/prisao-em-flagrante-delito\/","title":{"rendered":"Pris\u00e3o em flagrante delito"},"content":{"rendered":"<p><center><a href=\"http:\/\/www.r2cpress.com.br\/v1\/wp-content\/uploads\/pm-mais-70-cipm.jpg\"><img loading=\"lazy\" src=\"http:\/\/www.r2cpress.com.br\/v1\/wp-content\/uploads\/pm-mais-70-cipm-300x112.jpg\" alt=\"\" title=\"pm mais 70 cipm\" width=\"300\" height=\"112\" class=\"aligncenter size-medium wp-image-17476\" srcset=\"https:\/\/www.r2cpress.com.br\/v1\/wp-content\/uploads\/pm-mais-70-cipm-300x112.jpg 300w, https:\/\/www.r2cpress.com.br\/v1\/wp-content\/uploads\/pm-mais-70-cipm.jpg 350w\" sizes=\"(max-width: 300px) 100vw, 300px\" \/><\/a><\/center><br \/>\n<div id=\"attachment_17473\" style=\"width: 310px\" class=\"wp-caption alignleft\"><a href=\"http:\/\/www.r2cpress.com.br\/v1\/wp-content\/uploads\/mont-capa-site51.jpg\"><img aria-describedby=\"caption-attachment-17473\" loading=\"lazy\" src=\"http:\/\/www.r2cpress.com.br\/v1\/wp-content\/uploads\/mont-capa-site51-300x223.jpg\" alt=\"\" title=\"mont capa site\" width=\"300\" height=\"223\" class=\"size-medium wp-image-17473\" srcset=\"https:\/\/www.r2cpress.com.br\/v1\/wp-content\/uploads\/mont-capa-site51-300x223.jpg 300w, https:\/\/www.r2cpress.com.br\/v1\/wp-content\/uploads\/mont-capa-site51.jpg 680w\" sizes=\"(max-width: 300px) 100vw, 300px\" \/><\/a><p id=\"caption-attachment-17473\" class=\"wp-caption-text\">Clique para AMPLIAR.<\/p><\/div>Dando continuidade \u00e0s a\u00e7\u00f5es deflagradas, dentre elas, a pris\u00e3o de \u201cPIL\u00c3O\u201d, perigoso traficante e suspeito de homic\u00eddio que se encontrava homiziado na comunidade do COMINHO na Barra, ontem, dia 11\/06\/2011, o MAJ PM RICCIO, Comandante da 70\u00aa CIPM, em mais uma a\u00e7\u00e3o sob seu comando enviou os agentes do Setor de Miss\u00f5es Especiais (SME), o Pelot\u00e3o de Emprego T\u00e1tico Operacional (PETO) e a RONDESP, em apoio, com o objetivo de capturar DIVANEI ALENCAR DA SILVA (vulgo NOCA), 21 anos, o segundo na linha de sucess\u00e3o da quadrilha do Cominho, na Barra. <\/p>\n<p>\u201cNOCA\u201d foi encontrado com 29 trouxinhas de coca\u00edna, dinheiro, materiais de acondicionamento da subst\u00e2ncia, al\u00e9m de, nos dias que sucederam a pris\u00e3o de \u201cPIL\u00c3O\u201d, aterrorizar a comunidade com amea\u00e7as e agress\u00f5es.<\/p>\n","protected":false},"excerpt":{"rendered":"<p>Dando continuidade \u00e0s a\u00e7\u00f5es deflagradas, dentre elas, a pris\u00e3o de \u201cPIL\u00c3O\u201d, perigoso traficante e suspeito de homic\u00eddio que se encontrava homiziado na comunidade do COMINHO na Barra, ontem, dia 11\/06\/2011, o MAJ PM RICCIO, Comandante da 70\u00aa CIPM, em mais uma a\u00e7\u00e3o sob seu comando enviou os agentes do Setor de Miss\u00f5es Especiais (SME), o [&hellip;]<\/p>\n","protected":false},"author":2,"featured_media":0,"comment_status":"open","ping_status":"open","sticky":false,"template":"","format":"standard","meta":{"_links_to":"","_links_to_target":""},"categories":[25],"tags":[],"_links":{"self":[{"href":"https:\/\/www.r2cpress.com.br\/v1\/wp-json\/wp\/v2\/posts\/17472"}],"collection":[{"href":"https:\/\/www.r2cpress.com.br\/v1\/wp-json\/wp\/v2\/posts"}],"about":[{"href":"https:\/\/www.r2cpress.com.br\/v1\/wp-json\/wp\/v2\/types\/post"}],"author":[{"embeddable":true,"href":"https:\/\/www.r2cpress.com.br\/v1\/wp-json\/wp\/v2\/users\/2"}],"replies":[{"embeddable":true,"href":"https:\/\/www.r2cpress.com.br\/v1\/wp-json\/wp\/v2\/comments?post=17472"}],"version-history":[{"count":5,"href":"https:\/\/www.r2cpress.com.br\/v1\/wp-json\/wp\/v2\/posts\/17472\/revisions"}],"predecessor-version":[{"id":17479,"href":"https:\/\/www.r2cpress.com.br\/v1\/wp-json\/wp\/v2\/posts\/17472\/revisions\/17479"}],"wp:attachment":[{"href":"https:\/\/www.r2cpress.com.br\/v1\/wp-json\/wp\/v2\/media?parent=17472"}],"wp:term":[{"taxonomy":"category","embeddable":true,"href":"https:\/\/www.r2cpress.com.br\/v1\/wp-json\/wp\/v2\/categories?post=17472"},{"taxonomy":"post_tag","embeddable":true,"href":"https:\/\/www.r2cpress.com.br\/v1\/wp-json\/wp\/v2\/tags?post=17472"}],"curies":[{"name":"wp","href":"https:\/\/api.w.org\/{rel}","templated":true}]}}