{"id":17654,"date":"2011-06-13T14:55:56","date_gmt":"2011-06-13T17:55:56","guid":{"rendered":"http:\/\/www.r2cpress.com.br\/v1\/?p=17654"},"modified":"2011-06-13T14:55:56","modified_gmt":"2011-06-13T17:55:56","slug":"a-coluna-do-jonildo-21","status":"publish","type":"post","link":"https:\/\/www.r2cpress.com.br\/v1\/2011\/06\/13\/a-coluna-do-jonildo-21\/","title":{"rendered":"A coluna do Jonildo"},"content":{"rendered":"<p><strong><img loading=\"lazy\" class=\"alignright\" src=\"http:\/\/www.r2cpress.com.br\/v1\/wp-content\/uploads\/jonildo-perfil.jpg\" alt=\"\" width=\"300\" height=\"190\" \/>Monop\u00f3lio do transporte I<\/strong><\/p>\n<p>O monop\u00f3lio no transporte coletivo intermunicipal, n\u00e3o se d\u00e1 apenas com a empresa \u00c1guia Branca nas linhas para Salvador e com a Rota nas linhas intermunicipais na Regi\u00e3o Sul da Bahia.<\/p>\n<p>Espalha-se por todo Estado.<\/p>\n<p>Quebrar esse monop\u00f3lio em beneficio dos usu\u00e1rios, carentes de mais de op\u00e7\u00f5es e melhores servi\u00e7os, \u00e9 uma decis\u00e3o pol\u00edtica do Governo.<\/p>\n<p>Na assembl\u00e9ia Legislativa, na C\u00e2mara Federal e Senado esse \u00e9 um dos setores privilegiados por vozes e a\u00e7\u00f5es.<\/p>\n<p>Observa-se que a \u201cbancada\u201d do setor, sejam qual o partido, est\u00e1 sempre pronta para defender os interesses do Governo, sejam quais forem, desde os seus sejam mantidos.<\/p>\n<p>Ou seja, deixe as coisas como est\u00e3o.<\/p>\n<p>Um exemplo bem pr\u00f3ximo \u00e9 o deputado estadual Ronaldo Carletto-PP, propriet\u00e1rio da Rota e ferrenho neo-aliado do governador do Estado, Jaques Wagner.<\/p>\n<p>A ele, o governador Jaques Wagner, cabe a responsabilidade sobre a Agerba (?), a<\/p>\n<p>&nbsp;<\/p>\n<p><strong>Monop\u00f3lio do transporte II<\/strong><\/p>\n<p><strong><!--more--><br \/>\n<\/strong><\/p>\n<p>A Agerba tem o poder de fiscalizar e regular o setor. N\u00e3o fiscaliza nem regula absolutamente nada.<\/p>\n<p>Vejam as linhas que se multiplicam no interior sem nenhum crit\u00e9rio. Quem arrisca pegar um \u00f4nibus para Ibotirama, Barra do Rio Grande, Barreiras, Guanamb\u00ed etc. viajam em carros que trocam de \u201cbandeira\u201d em cada rodovi\u00e1ria. \u00d4nibus circulam com os aparelhos de climatiza\u00e7\u00e3o sem funcionar, cadeiras, quebradas WC trancados, quebram aqui param acol\u00e1 e por a\u00ed vai.<\/p>\n<p>N\u00e3o adianta telefonar para o tal 0800.<\/p>\n<p>Diferente quando se utiliza o sistema na Regi\u00e3o Norte. Serrinha, Capim Grosso, por exemplo, onde os passageiros t\u00eam v\u00e1rias op\u00e7\u00f5es com ve\u00edculos de boa qualidade e um servi\u00e7o \u00e1gil.<\/p>\n<p>Se vamos a Anguera, Baixa Grande, Rui Barbosa, Itapebi, Eunapolis, Barreiras, Itamaraj\u00fa&#8230; encontramos reclama\u00e7\u00f5es de usu\u00e1rios insatisfeitos. S\u00f3 a Agerba (?) n\u00e3o sabe.<\/p>\n<p>Portanto o problema do transporte intermunicipal, na Bahia, est\u00e1 longe de ser resolvido.<\/p>\n<p>&nbsp;<\/p>\n<p><strong>S\u00e3o Jo\u00e3o no Abrigo<\/strong><\/p>\n<p>A comunidade participa junto ao lar de idosos \/abrigo S\u00e3o Vicente de Paulo de Ilh\u00e9us, trazendo vida, participando e vivendo dias de muitas alegrias neste m\u00eas de festas juninas.<\/p>\n<p>Dia 10 de junho o grupo de Z\u00e9 Pretinho em parceria com o clube da melhor idade &#8220;Arco-Iris&#8221; e a Associa\u00e7\u00e3o dos Pr\u00e9-idosos, com Arlete e Zez\u00e9 e Lions Clube Ilh\u00e9us Norte, presidido por Maria Alice Albagli deram in\u00edcio a uma programa\u00e7\u00e3o de muito forr\u00f3. Nos dias 15 e 16 ser\u00e1 a vez do professor Jujuba e quadrilhas. Dia 19, o grupo Carism\u00e1tico S\u00e3o Vicente coordenado por Marcelo de Oliveira e Juvenal Mendes promovem um super lanche com muita m\u00fasica. No dia 23 de junho os idosos comemoram o S\u00e3o Jo\u00e3o com o coral da Igreja dos Mormos.<\/p>\n<p>E no dia 2 de julho os idosos v\u00e3o receber\u00e3o o carinho dos jovens da igreja Adventista, sob a responsabilidade de Ros\u00e1lia Neto quando ser\u00e3o presenteados com material de limpeza pessoal e passar\u00e3o uma tarde com c\u00e2nticos de louvores e leitura b\u00edblica.<\/p>\n<p>A sociedade S\u00e3o Vicente de Paulo agradece a comunidade ilheense pela participa\u00e7\u00e3o volunt\u00e1ria para proporcionar uma melhor qualidade de vida para os velhinhos internos.<\/p>\n<p>&nbsp;<\/p>\n<p><strong>Padre Cristo<\/strong><\/p>\n<p>Tamb\u00e9m tem S\u00e3o Jo\u00e3o na Capelania S\u00e3o Paulo Ap\u00f3stolo sob o comando do carism\u00e1tico Padre Jos\u00e9 Alvino de Cristo e dos moradores da Av. Princesa Isabel.<\/p>\n<p>&nbsp;<\/p>\n<p><strong>Perguntando<\/strong><\/p>\n<p>Cad\u00ea a casa da Comunica\u00e7\u00e3o Sr prefeito Newton Lima?<\/p>\n<p>A promessa foi feita com discursos e protocolo assinado na Posse da diretora da ABI. O vereador Jailsom Nascimento estava junto e endossou a promessa com recorda\u00e7\u00f5es sentimentais. Mas&#8230;<\/p>\n<p>&nbsp;<\/p>\n<p>&#8212;<\/p>\n<p><strong>A coluna do Jonildo<\/strong><\/p>\n<p><strong>jonildogloria.blogspot.com<\/strong><\/p>\n<p><strong>jonildogloria@gmail.com<\/strong><\/p>\n","protected":false},"excerpt":{"rendered":"<p>Monop\u00f3lio do transporte I O monop\u00f3lio no transporte coletivo intermunicipal, n\u00e3o se d\u00e1 apenas com a empresa \u00c1guia Branca nas linhas para Salvador e com a Rota nas linhas intermunicipais na Regi\u00e3o Sul da Bahia. Espalha-se por todo Estado. Quebrar esse monop\u00f3lio em beneficio dos usu\u00e1rios, carentes de mais de op\u00e7\u00f5es e melhores servi\u00e7os, \u00e9 [&hellip;]<\/p>\n","protected":false},"author":2,"featured_media":0,"comment_status":"open","ping_status":"open","sticky":false,"template":"","format":"standard","meta":{"_links_to":"","_links_to_target":""},"categories":[10],"tags":[],"_links":{"self":[{"href":"https:\/\/www.r2cpress.com.br\/v1\/wp-json\/wp\/v2\/posts\/17654"}],"collection":[{"href":"https:\/\/www.r2cpress.com.br\/v1\/wp-json\/wp\/v2\/posts"}],"about":[{"href":"https:\/\/www.r2cpress.com.br\/v1\/wp-json\/wp\/v2\/types\/post"}],"author":[{"embeddable":true,"href":"https:\/\/www.r2cpress.com.br\/v1\/wp-json\/wp\/v2\/users\/2"}],"replies":[{"embeddable":true,"href":"https:\/\/www.r2cpress.com.br\/v1\/wp-json\/wp\/v2\/comments?post=17654"}],"version-history":[{"count":3,"href":"https:\/\/www.r2cpress.com.br\/v1\/wp-json\/wp\/v2\/posts\/17654\/revisions"}],"predecessor-version":[{"id":17657,"href":"https:\/\/www.r2cpress.com.br\/v1\/wp-json\/wp\/v2\/posts\/17654\/revisions\/17657"}],"wp:attachment":[{"href":"https:\/\/www.r2cpress.com.br\/v1\/wp-json\/wp\/v2\/media?parent=17654"}],"wp:term":[{"taxonomy":"category","embeddable":true,"href":"https:\/\/www.r2cpress.com.br\/v1\/wp-json\/wp\/v2\/categories?post=17654"},{"taxonomy":"post_tag","embeddable":true,"href":"https:\/\/www.r2cpress.com.br\/v1\/wp-json\/wp\/v2\/tags?post=17654"}],"curies":[{"name":"wp","href":"https:\/\/api.w.org\/{rel}","templated":true}]}}