{"id":17679,"date":"2011-06-13T19:45:47","date_gmt":"2011-06-13T22:45:47","guid":{"rendered":"http:\/\/www.r2cpress.com.br\/v1\/?p=17679"},"modified":"2011-06-13T19:45:47","modified_gmt":"2011-06-13T22:45:47","slug":"parabens-2","status":"publish","type":"post","link":"https:\/\/www.r2cpress.com.br\/v1\/2011\/06\/13\/parabens-2\/","title":{"rendered":"PARAB\u00c9NS"},"content":{"rendered":"<p>Caro amigo Rabat,<\/p>\n<p><em>Estava esperando minha vez para cumpriment\u00e1-lo, pois o acesso estava dificil devido ao numero de amigos que vc tem nessa nossa Ilh\u00e9us.<\/p>\n<p>Quero lhe dizer que no dia 09 de junho fiz uma retrospectiva de minha inf\u00e2ncia, quando ainda crian\u00e7a, passava ao lado de sua casa na rua da linha, onde sempre avistava sua inesquecivel m\u00e3ezinha na janela, apreciando a passagem do trem. <\/p>\n<p>Lembro-me tamb\u00e9m que no terreo de sua casa, tinha a oficina de Bahia que trabalhava com eletricidade de automovel, seu tio Miguel  que consertava radio e depois tv, entre outras lembran\u00e7as.<br \/>\nSeu pai era muito amigo do meu, sua m\u00e3e tinha muita coisa comigo pois desde cedo entrei no Cursilho de Cristandade e ela fazia parte do Apostolado e do Cursilho que era  presidido por seu tio Ber\u00e1. Velhas lembran\u00e7as, velhos tempos que n\u00e3o voltam mais.<br \/>\nLembro-me do seu irm\u00e3o Z\u00e9 Rabat, que reside em Vitoria da Conquista, que j\u00e1 gostava de jogar futebol, e at\u00e9 que jogava direitinho, mas a concorrencia era muito grande e ele veio jogar no meu time &#8220;Carcar\u00e1&#8221; na liga de Adelson da Praia da Avenida Soares Lopes. <\/p>\n<p>Aconteceu que ele destacou-se no campeonato e o time do &#8220;Lions&#8221; interressou por ele, quando ele me procurou para liber\u00e1-lo.  Exigir o pagamento de  uma multa de 10 cruzeiro daquela \u00e9poca,  alegando quebra de contrato com o &#8220;Carcar\u00e1&#8221;. A\u00ed o pobrezinho amealhou suas economias semanais e, com muito sacrificio, pagou a determinada quantia, sendo liberado imediatamente.<br \/>\nEle lembra desse acontecimento futebolistico! D\u00e1i \u00e9 que come\u00e7aram a charmar-me de Osorio Vilas Boas da praia, pois com esse dinheiro e mais outro complemento comprei o passe de Miguel Squitine.<\/p>\n<p>Um forte abra\u00e7o, coloco-me sempre \u00e0 sua disposi\u00e7\u00e3o, e que o Supremo Arquiteto do Universo lhe aben\u00e7oe para sempre junto a seus familiares.<\/em><\/p>\n<p>Beij\u00e3o !!!<br \/>\nLuiz Castro<\/p>\n","protected":false},"excerpt":{"rendered":"<p>Caro amigo Rabat, Estava esperando minha vez para cumpriment\u00e1-lo, pois o acesso estava dificil devido ao numero de amigos que vc tem nessa nossa Ilh\u00e9us. Quero lhe dizer que no dia 09 de junho fiz uma retrospectiva de minha inf\u00e2ncia, quando ainda crian\u00e7a, passava ao lado de sua casa na rua da linha, onde sempre [&hellip;]<\/p>\n","protected":false},"author":2,"featured_media":0,"comment_status":"open","ping_status":"open","sticky":false,"template":"","format":"standard","meta":{"_links_to":"","_links_to_target":""},"categories":[10],"tags":[],"_links":{"self":[{"href":"https:\/\/www.r2cpress.com.br\/v1\/wp-json\/wp\/v2\/posts\/17679"}],"collection":[{"href":"https:\/\/www.r2cpress.com.br\/v1\/wp-json\/wp\/v2\/posts"}],"about":[{"href":"https:\/\/www.r2cpress.com.br\/v1\/wp-json\/wp\/v2\/types\/post"}],"author":[{"embeddable":true,"href":"https:\/\/www.r2cpress.com.br\/v1\/wp-json\/wp\/v2\/users\/2"}],"replies":[{"embeddable":true,"href":"https:\/\/www.r2cpress.com.br\/v1\/wp-json\/wp\/v2\/comments?post=17679"}],"version-history":[{"count":2,"href":"https:\/\/www.r2cpress.com.br\/v1\/wp-json\/wp\/v2\/posts\/17679\/revisions"}],"predecessor-version":[{"id":17681,"href":"https:\/\/www.r2cpress.com.br\/v1\/wp-json\/wp\/v2\/posts\/17679\/revisions\/17681"}],"wp:attachment":[{"href":"https:\/\/www.r2cpress.com.br\/v1\/wp-json\/wp\/v2\/media?parent=17679"}],"wp:term":[{"taxonomy":"category","embeddable":true,"href":"https:\/\/www.r2cpress.com.br\/v1\/wp-json\/wp\/v2\/categories?post=17679"},{"taxonomy":"post_tag","embeddable":true,"href":"https:\/\/www.r2cpress.com.br\/v1\/wp-json\/wp\/v2\/tags?post=17679"}],"curies":[{"name":"wp","href":"https:\/\/api.w.org\/{rel}","templated":true}]}}