{"id":17682,"date":"2011-06-18T08:11:48","date_gmt":"2011-06-18T11:11:48","guid":{"rendered":"http:\/\/www.r2cpress.com.br\/v1\/?p=17682"},"modified":"2011-06-18T09:01:04","modified_gmt":"2011-06-18T12:01:04","slug":"semana-do-bombeiro","status":"publish","type":"post","link":"https:\/\/www.r2cpress.com.br\/v1\/2011\/06\/18\/semana-do-bombeiro\/","title":{"rendered":"SEMANA DO BOMBEIRO"},"content":{"rendered":"<p><center><div id=\"attachment_17683\" style=\"width: 222px\" class=\"wp-caption aligncenter\"><a href=\"http:\/\/www.r2cpress.com.br\/v1\/wp-content\/uploads\/cartaz-bombeiro-2011.jpg\"><img aria-describedby=\"caption-attachment-17683\" loading=\"lazy\" src=\"http:\/\/www.r2cpress.com.br\/v1\/wp-content\/uploads\/cartaz-bombeiro-2011-212x300.jpg\" alt=\"\" title=\"cartaz bombeiro 2011\" width=\"212\" height=\"300\" class=\"size-medium wp-image-17683\" srcset=\"https:\/\/www.r2cpress.com.br\/v1\/wp-content\/uploads\/cartaz-bombeiro-2011-212x300.jpg 212w, https:\/\/www.r2cpress.com.br\/v1\/wp-content\/uploads\/cartaz-bombeiro-2011.jpg 590w\" sizes=\"(max-width: 212px) 100vw, 212px\" \/><\/a><p id=\"caption-attachment-17683\" class=\"wp-caption-text\">Clique para AMPLIAR.<\/p><\/div><\/p>\n<div style=\"width:477px\" id=\"__ss_8298102\"><strong style=\"display:block;margin:12px 0 4px\"><a href=\"http:\/\/www.slideshare.net\/r2cpress\/semana-nacional-de-preveno-contra-incndio-2011\" title=\"Semana Nacional de Preven\u00e7\u00e3o Contra Inc\u00eandio 2011\">Semana Nacional de Preven\u00e7\u00e3o Contra Inc\u00eandio 2011<\/a><\/strong><object id=\"__sse8298102\" width=\"477\" height=\"510\"><param name=\"movie\" value=\"http:\/\/static.slidesharecdn.com\/swf\/doc_player.swf?doc=semananacionaldeprevenocontraincndio2011-110613185834-phpapp01&#038;stripped_title=semana-nacional-de-preveno-contra-incndio-2011&#038;userName=r2cpress\" \/><param name=\"allowFullScreen\" value=\"true\"\/><param name=\"allowScriptAccess\" value=\"always\"\/><embed name=\"__sse8298102\" src=\"http:\/\/static.slidesharecdn.com\/swf\/doc_player.swf?doc=semananacionaldeprevenocontraincndio2011-110613185834-phpapp01&#038;stripped_title=semana-nacional-de-preveno-contra-incndio-2011&#038;userName=r2cpress\" type=\"application\/x-shockwave-flash\" allowscriptaccess=\"always\" allowfullscreen=\"true\" width=\"477\" height=\"510\"><\/embed><\/object><\/p>\n<div style=\"padding:5px 0 12px\">View more <a href=\"http:\/\/www.slideshare.net\/\">documents<\/a> from <a href=\"http:\/\/www.slideshare.net\/r2cpress\">r2cpress<\/a>.<\/div>\n<\/div>\n<div style=\"width:425px\" id=\"__ss_8298127\"><strong style=\"display:block;margin:12px 0 4px\"><a href=\"http:\/\/www.slideshare.net\/r2cpress\/programao-da-semana-nacional-de-preveno-contra-incndio-2011\" title=\"Programa\u00e7\u00e3o da Semana Nacional de Preven\u00e7\u00e3o Contra Inc\u00eandio 2011\">Programa\u00e7\u00e3o da Semana Nacional de Preven\u00e7\u00e3o Contra Inc\u00eandio 2011<\/a><\/strong><object id=\"__sse8298127\" width=\"425\" height=\"355\"><param name=\"movie\" value=\"http:\/\/static.slidesharecdn.com\/swf\/ssplayer2.swf?doc=programaodasemananacionaldeprevenocontraincndio2011-110613190211-phpapp01&#038;stripped_title=programao-da-semana-nacional-de-preveno-contra-incndio-2011&#038;userName=r2cpress\" \/><param name=\"allowFullScreen\" value=\"true\"\/><param name=\"allowScriptAccess\" value=\"always\"\/><embed name=\"__sse8298127\" src=\"http:\/\/static.slidesharecdn.com\/swf\/ssplayer2.swf?doc=programaodasemananacionaldeprevenocontraincndio2011-110613190211-phpapp01&#038;stripped_title=programao-da-semana-nacional-de-preveno-contra-incndio-2011&#038;userName=r2cpress\" type=\"application\/x-shockwave-flash\" allowscriptaccess=\"always\" allowfullscreen=\"true\" width=\"425\" height=\"355\"><\/embed><\/object><\/p>\n<div style=\"padding:5px 0 12px\">View more <a href=\"http:\/\/www.slideshare.net\/\">presentations<\/a> from <a href=\"http:\/\/www.slideshare.net\/r2cpress\">r2cpress<\/a>.<\/div>\n<\/div>\n<p><\/center><\/p>\n","protected":false},"excerpt":{"rendered":"<p>Semana Nacional de Preven\u00e7\u00e3o Contra Inc\u00eandio 2011 View more documents from r2cpress. Programa\u00e7\u00e3o da Semana Nacional de Preven\u00e7\u00e3o Contra Inc\u00eandio 2011 View more presentations from r2cpress.<\/p>\n","protected":false},"author":2,"featured_media":0,"comment_status":"open","ping_status":"open","sticky":false,"template":"","format":"standard","meta":{"_links_to":"","_links_to_target":""},"categories":[25],"tags":[],"_links":{"self":[{"href":"https:\/\/www.r2cpress.com.br\/v1\/wp-json\/wp\/v2\/posts\/17682"}],"collection":[{"href":"https:\/\/www.r2cpress.com.br\/v1\/wp-json\/wp\/v2\/posts"}],"about":[{"href":"https:\/\/www.r2cpress.com.br\/v1\/wp-json\/wp\/v2\/types\/post"}],"author":[{"embeddable":true,"href":"https:\/\/www.r2cpress.com.br\/v1\/wp-json\/wp\/v2\/users\/2"}],"replies":[{"embeddable":true,"href":"https:\/\/www.r2cpress.com.br\/v1\/wp-json\/wp\/v2\/comments?post=17682"}],"version-history":[{"count":3,"href":"https:\/\/www.r2cpress.com.br\/v1\/wp-json\/wp\/v2\/posts\/17682\/revisions"}],"predecessor-version":[{"id":18003,"href":"https:\/\/www.r2cpress.com.br\/v1\/wp-json\/wp\/v2\/posts\/17682\/revisions\/18003"}],"wp:attachment":[{"href":"https:\/\/www.r2cpress.com.br\/v1\/wp-json\/wp\/v2\/media?parent=17682"}],"wp:term":[{"taxonomy":"category","embeddable":true,"href":"https:\/\/www.r2cpress.com.br\/v1\/wp-json\/wp\/v2\/categories?post=17682"},{"taxonomy":"post_tag","embeddable":true,"href":"https:\/\/www.r2cpress.com.br\/v1\/wp-json\/wp\/v2\/tags?post=17682"}],"curies":[{"name":"wp","href":"https:\/\/api.w.org\/{rel}","templated":true}]}}