{"id":17687,"date":"2011-06-14T09:43:34","date_gmt":"2011-06-14T12:43:34","guid":{"rendered":"http:\/\/www.r2cpress.com.br\/v1\/?p=17687"},"modified":"2011-06-14T09:43:34","modified_gmt":"2011-06-14T12:43:34","slug":"assalto-no-pontal-tentativa-de-sequestro","status":"publish","type":"post","link":"https:\/\/www.r2cpress.com.br\/v1\/2011\/06\/14\/assalto-no-pontal-tentativa-de-sequestro\/","title":{"rendered":"ASSALTO NO PONTAL (tentativa de sequestro)"},"content":{"rendered":"<p>De: cleliofidelisdapaixao <cleliofidelis @hotmail.com><br \/>\nAssunto: ASSALTO NO PONTAL (tentativa de sequestro)<\/p>\n<p>Corpo da mensagem:<br \/>\nFoi ontem 13.06,\u00e0s 22.30hs.,minha filha chegsva da faculdade onde termina Curso de Enfermagem,ao perceber aproxima\u00e7\u00e3o de tr\u00eas meliantes de bon\u00e9 (dois de pele clara  e um mulato), armados, antes de fechar a quarta banda da porta de dobrar,na garagem,foi agredida com empurr\u00f5es.Os bandidos invadiram  nossa residencia ,de revolveres em punho ,tentando  retir\u00e1-la de casa,\u00e0 for\u00e7a. Ela   reagiu ,trocando empurr\u00f5es com tais  vagabundos.N\u00easse \u00ednterim, aos gritos. chamou a aten\u00e7\u00e3o<br \/>\nde visinhos,moradores e de frequentadores de pontos de degusta\u00e7\u00e3o na R.Coronel Pess\u00f4a,pr\u00f3ximo \u00e0 P\u00e7a.S\u00e3o Jo\u00e3o.Ao perceberem a presen\u00e7a dos dois irm\u00e3os dela( meus filhos) que estavam no interior da resid\u00eancia, certamente temendo confronto (apesar de armados) os bandidos evadiram, sentido  estacionamento da igreja cat\u00f3lica  onde  um outro marginal  os esperava no interior de um &#8220;gol&#8221; preto,cuja placa n\u00e3o foi anotada, onde fugiram para destino incerto e ignorado.Nada levaram nem fizeram qualquer disparo. (sorte nossa)<br \/>\nSemana  passada ,mesma tentativa foi feita  com a esposa de um capit\u00e3o da pol\u00edcia que mora pr\u00f3ximo.<\/p>\n<p>&#8212;<br \/>\nEsta mensagem foi enviada atrav\u00e9s do formul\u00e1rio de contato do site R2CPRESS | A Letra Fria da Verdade http:\/\/www.r2cpress.com.br\/v1<br \/>\n<\/cleliofidelis><\/p>\n","protected":false},"excerpt":{"rendered":"<p>De: cleliofidelisdapaixao Assunto: ASSALTO NO PONTAL (tentativa de sequestro) Corpo da mensagem: Foi ontem 13.06,\u00e0s 22.30hs.,minha filha chegsva da faculdade onde termina Curso de Enfermagem,ao perceber aproxima\u00e7\u00e3o de tr\u00eas meliantes de bon\u00e9 (dois de pele clara e um mulato), armados, antes de fechar a quarta banda da porta de dobrar,na garagem,foi agredida com empurr\u00f5es.Os bandidos [&hellip;]<\/p>\n","protected":false},"author":2,"featured_media":0,"comment_status":"open","ping_status":"open","sticky":false,"template":"","format":"standard","meta":{"_links_to":"","_links_to_target":""},"categories":[10],"tags":[],"_links":{"self":[{"href":"https:\/\/www.r2cpress.com.br\/v1\/wp-json\/wp\/v2\/posts\/17687"}],"collection":[{"href":"https:\/\/www.r2cpress.com.br\/v1\/wp-json\/wp\/v2\/posts"}],"about":[{"href":"https:\/\/www.r2cpress.com.br\/v1\/wp-json\/wp\/v2\/types\/post"}],"author":[{"embeddable":true,"href":"https:\/\/www.r2cpress.com.br\/v1\/wp-json\/wp\/v2\/users\/2"}],"replies":[{"embeddable":true,"href":"https:\/\/www.r2cpress.com.br\/v1\/wp-json\/wp\/v2\/comments?post=17687"}],"version-history":[{"count":2,"href":"https:\/\/www.r2cpress.com.br\/v1\/wp-json\/wp\/v2\/posts\/17687\/revisions"}],"predecessor-version":[{"id":17689,"href":"https:\/\/www.r2cpress.com.br\/v1\/wp-json\/wp\/v2\/posts\/17687\/revisions\/17689"}],"wp:attachment":[{"href":"https:\/\/www.r2cpress.com.br\/v1\/wp-json\/wp\/v2\/media?parent=17687"}],"wp:term":[{"taxonomy":"category","embeddable":true,"href":"https:\/\/www.r2cpress.com.br\/v1\/wp-json\/wp\/v2\/categories?post=17687"},{"taxonomy":"post_tag","embeddable":true,"href":"https:\/\/www.r2cpress.com.br\/v1\/wp-json\/wp\/v2\/tags?post=17687"}],"curies":[{"name":"wp","href":"https:\/\/api.w.org\/{rel}","templated":true}]}}